{"id":1072,"date":"2024-04-14T20:37:46","date_gmt":"2024-04-14T23:37:46","guid":{"rendered":"https:\/\/oibca.gob.ar\/main\/?p=1072"},"modified":"2024-04-23T20:38:39","modified_gmt":"2024-04-23T23:38:39","slug":"capacitacion-residuos-peligrosos","status":"publish","type":"post","link":"https:\/\/oibca.gob.ar\/main\/capacitacion-residuos-peligrosos\/","title":{"rendered":"CAPACITACI\u00d3N RESIDUOS PELIGROSOS"},"content":{"rendered":"\n<figure class=\"wp-block-image size-large\"><a href=\"https:\/\/oibca.gob.ar\/main\/wp-content\/uploads\/2024\/04\/CAPACITACION-RESIDUOS-PELIGROSOS-4.jpg\"><img fetchpriority=\"high\" decoding=\"async\" width=\"1024\" height=\"581\" src=\"https:\/\/oibca.gob.ar\/main\/wp-content\/uploads\/2024\/04\/CAPACITACION-RESIDUOS-PELIGROSOS-4-1024x581.jpg\" alt=\"\" class=\"wp-image-1073\" srcset=\"https:\/\/oibca.gob.ar\/main\/wp-content\/uploads\/2024\/04\/CAPACITACION-RESIDUOS-PELIGROSOS-4-1024x581.jpg 1024w, https:\/\/oibca.gob.ar\/main\/wp-content\/uploads\/2024\/04\/CAPACITACION-RESIDUOS-PELIGROSOS-4-300x170.jpg 300w, https:\/\/oibca.gob.ar\/main\/wp-content\/uploads\/2024\/04\/CAPACITACION-RESIDUOS-PELIGROSOS-4-768x436.jpg 768w, https:\/\/oibca.gob.ar\/main\/wp-content\/uploads\/2024\/04\/CAPACITACION-RESIDUOS-PELIGROSOS-4-1536x871.jpg 1536w, https:\/\/oibca.gob.ar\/main\/wp-content\/uploads\/2024\/04\/CAPACITACION-RESIDUOS-PELIGROSOS-4.jpg 1592w\" sizes=\"(max-width: 1024px) 100vw, 1024px\" \/><\/a><\/figure>\n\n\n\n<div style=\"height:26px\" aria-hidden=\"true\" class=\"wp-block-spacer\"><\/div>\n\n\n\n<p>El jueves 14 de marzo se realiz\u00f3 una capacitaci\u00f3n sobre Gesti\u00f3n y Manejo de Residuos Peligrosos en Las Perdices, a cargo del Mgt. Lic. Manuel Millares.<\/p>\n\n\n\n<p> Este encuentro de formaci\u00f3n cont\u00f3 con la participaci\u00f3n del personal de salud del Hospital, el Cic, y el \u00c1rea de reciclaje.<\/p>\n\n\n\n<figure class=\"wp-block-gallery has-nested-images columns-default is-cropped wp-block-gallery-1 is-layout-flex wp-block-gallery-is-layout-flex\">\n<figure class=\"wp-block-image size-large\"><a href=\"https:\/\/oibca.gob.ar\/main\/wp-content\/uploads\/2024\/04\/CAPACITACION-RESIDUOS-PELIGROSOS-1.jpg\"><img decoding=\"async\" width=\"1024\" height=\"498\" data-id=\"1077\" src=\"https:\/\/oibca.gob.ar\/main\/wp-content\/uploads\/2024\/04\/CAPACITACION-RESIDUOS-PELIGROSOS-1-1024x498.jpg\" alt=\"\" class=\"wp-image-1077\" srcset=\"https:\/\/oibca.gob.ar\/main\/wp-content\/uploads\/2024\/04\/CAPACITACION-RESIDUOS-PELIGROSOS-1-1024x498.jpg 1024w, https:\/\/oibca.gob.ar\/main\/wp-content\/uploads\/2024\/04\/CAPACITACION-RESIDUOS-PELIGROSOS-1-300x146.jpg 300w, https:\/\/oibca.gob.ar\/main\/wp-content\/uploads\/2024\/04\/CAPACITACION-RESIDUOS-PELIGROSOS-1-768x374.jpg 768w, https:\/\/oibca.gob.ar\/main\/wp-content\/uploads\/2024\/04\/CAPACITACION-RESIDUOS-PELIGROSOS-1-1536x748.jpg 1536w, https:\/\/oibca.gob.ar\/main\/wp-content\/uploads\/2024\/04\/CAPACITACION-RESIDUOS-PELIGROSOS-1.jpg 1578w\" sizes=\"(max-width: 1024px) 100vw, 1024px\" \/><\/a><\/figure>\n\n\n\n<figure class=\"wp-block-image size-large\"><a href=\"https:\/\/oibca.gob.ar\/main\/wp-content\/uploads\/2024\/04\/CAPACITACION-RESIDUOS-PELIGROSOS-3.jpg\"><img decoding=\"async\" width=\"1024\" height=\"626\" data-id=\"1075\" src=\"https:\/\/oibca.gob.ar\/main\/wp-content\/uploads\/2024\/04\/CAPACITACION-RESIDUOS-PELIGROSOS-3-1024x626.jpg\" alt=\"\" class=\"wp-image-1075\" srcset=\"https:\/\/oibca.gob.ar\/main\/wp-content\/uploads\/2024\/04\/CAPACITACION-RESIDUOS-PELIGROSOS-3-1024x626.jpg 1024w, https:\/\/oibca.gob.ar\/main\/wp-content\/uploads\/2024\/04\/CAPACITACION-RESIDUOS-PELIGROSOS-3-300x183.jpg 300w, https:\/\/oibca.gob.ar\/main\/wp-content\/uploads\/2024\/04\/CAPACITACION-RESIDUOS-PELIGROSOS-3-768x470.jpg 768w, https:\/\/oibca.gob.ar\/main\/wp-content\/uploads\/2024\/04\/CAPACITACION-RESIDUOS-PELIGROSOS-3-1536x939.jpg 1536w, https:\/\/oibca.gob.ar\/main\/wp-content\/uploads\/2024\/04\/CAPACITACION-RESIDUOS-PELIGROSOS-3.jpg 1593w\" sizes=\"(max-width: 1024px) 100vw, 1024px\" \/><\/a><\/figure>\n\n\n\n<figure class=\"wp-block-image size-large\"><a href=\"https:\/\/oibca.gob.ar\/main\/wp-content\/uploads\/2024\/04\/CAPACITACION-RESIDUOS-PELIGROSOS-5.jpg\"><img loading=\"lazy\" decoding=\"async\" width=\"1024\" height=\"686\" data-id=\"1076\" src=\"https:\/\/oibca.gob.ar\/main\/wp-content\/uploads\/2024\/04\/CAPACITACION-RESIDUOS-PELIGROSOS-5-1024x686.jpg\" alt=\"\" class=\"wp-image-1076\" srcset=\"https:\/\/oibca.gob.ar\/main\/wp-content\/uploads\/2024\/04\/CAPACITACION-RESIDUOS-PELIGROSOS-5-1024x686.jpg 1024w, https:\/\/oibca.gob.ar\/main\/wp-content\/uploads\/2024\/04\/CAPACITACION-RESIDUOS-PELIGROSOS-5-300x201.jpg 300w, https:\/\/oibca.gob.ar\/main\/wp-content\/uploads\/2024\/04\/CAPACITACION-RESIDUOS-PELIGROSOS-5-768x515.jpg 768w, https:\/\/oibca.gob.ar\/main\/wp-content\/uploads\/2024\/04\/CAPACITACION-RESIDUOS-PELIGROSOS-5-1536x1029.jpg 1536w, https:\/\/oibca.gob.ar\/main\/wp-content\/uploads\/2024\/04\/CAPACITACION-RESIDUOS-PELIGROSOS-5.jpg 1588w\" sizes=\"(max-width: 1024px) 100vw, 1024px\" \/><\/a><\/figure>\n<\/figure>\n\n\n\n<p><\/p>\n\n\n\n<p><\/p>\n","protected":false},"excerpt":{"rendered":"<p>El jueves 14 de marzo se realiz\u00f3 una capacitaci\u00f3n sobre Gesti\u00f3n y Manejo de Residuos Peligrosos en Las Perdices, a cargo del Mgt. Lic. Manuel Millares.<\/p>\n","protected":false},"author":2,"featured_media":1073,"comment_status":"open","ping_status":"open","sticky":false,"template":"","format":"standard","meta":{"site-sidebar-layout":"default","site-content-layout":"","ast-site-content-layout":"default","site-content-style":"default","site-sidebar-style":"default","ast-global-header-display":"","ast-banner-title-visibility":"","ast-main-header-display":"","ast-hfb-above-header-display":"","ast-hfb-below-header-display":"","ast-hfb-mobile-header-display":"","site-post-title":"","ast-breadcrumbs-content":"","ast-featured-img":"","footer-sml-layout":"","ast-disable-related-posts":"","theme-transparent-header-meta":"","adv-header-id-meta":"","stick-header-meta":"","header-above-stick-meta":"","header-main-stick-meta":"","header-below-stick-meta":"","astra-migrate-meta-layouts":"set","ast-page-background-enabled":"default","ast-page-background-meta":{"desktop":{"background-color":"var(--ast-global-color-4)","background-image":"","background-repeat":"repeat","background-position":"center center","background-size":"auto","background-attachment":"scroll","background-type":"","background-media":"","overlay-type":"","overlay-color":"","overlay-opacity":"","overlay-gradient":""},"tablet":{"background-color":"","background-image":"","background-repeat":"repeat","background-position":"center center","background-size":"auto","background-attachment":"scroll","background-type":"","background-media":"","overlay-type":"","overlay-color":"","overlay-opacity":"","overlay-gradient":""},"mobile":{"background-color":"","background-image":"","background-repeat":"repeat","background-position":"center center","background-size":"auto","background-attachment":"scroll","background-type":"","background-media":"","overlay-type":"","overlay-color":"","overlay-opacity":"","overlay-gradient":""}},"ast-content-background-meta":{"desktop":{"background-color":"var(--ast-global-color-5)","background-image":"","background-repeat":"repeat","background-position":"center center","background-size":"auto","background-attachment":"scroll","background-type":"","background-media":"","overlay-type":"","overlay-color":"","overlay-opacity":"","overlay-gradient":""},"tablet":{"background-color":"var(--ast-global-color-5)","background-image":"","background-repeat":"repeat","background-position":"center center","background-size":"auto","background-attachment":"scroll","background-type":"","background-media":"","overlay-type":"","overlay-color":"","overlay-opacity":"","overlay-gradient":""},"mobile":{"background-color":"var(--ast-global-color-5)","background-image":"","background-repeat":"repeat","background-position":"center center","background-size":"auto","background-attachment":"scroll","background-type":"","background-media":"","overlay-type":"","overlay-color":"","overlay-opacity":"","overlay-gradient":""}},"footnotes":""},"categories":[7],"tags":[4,24],"class_list":["post-1072","post","type-post","status-publish","format-standard","has-post-thumbnail","hentry","category-noticias","tag-capacitacion","tag-las-perdices"],"yoast_head":"<!-- This site is optimized with the Yoast SEO plugin v27.4 - https:\/\/yoast.com\/product\/yoast-seo-wordpress\/ -->\n<title>CAPACITACI\u00d3N RESIDUOS PELIGROSOS - OIBCA<\/title>\n<meta name=\"robots\" content=\"index, follow, max-snippet:-1, max-image-preview:large, max-video-preview:-1\" \/>\n<link rel=\"canonical\" href=\"https:\/\/oibca.gob.ar\/main\/capacitacion-residuos-peligrosos\/\" \/>\n<meta property=\"og:locale\" content=\"es_ES\" \/>\n<meta property=\"og:type\" content=\"article\" \/>\n<meta property=\"og:title\" content=\"CAPACITACI\u00d3N RESIDUOS PELIGROSOS - OIBCA\" \/>\n<meta property=\"og:description\" content=\"El jueves 14 de marzo se realiz\u00f3 una capacitaci\u00f3n sobre Gesti\u00f3n y Manejo de Residuos Peligrosos en Las Perdices, a cargo del Mgt. Lic. Manuel Millares.\" \/>\n<meta property=\"og:url\" content=\"https:\/\/oibca.gob.ar\/main\/capacitacion-residuos-peligrosos\/\" \/>\n<meta property=\"og:site_name\" content=\"OIBCA\" \/>\n<meta property=\"article:published_time\" content=\"2024-04-14T23:37:46+00:00\" \/>\n<meta property=\"article:modified_time\" content=\"2024-04-23T23:38:39+00:00\" \/>\n<meta property=\"og:image\" content=\"https:\/\/oibca.gob.ar\/main\/wp-content\/uploads\/2024\/04\/CAPACITACION-RESIDUOS-PELIGROSOS-4.jpg\" \/>\n\t<meta property=\"og:image:width\" content=\"1592\" \/>\n\t<meta property=\"og:image:height\" content=\"903\" \/>\n\t<meta property=\"og:image:type\" content=\"image\/jpeg\" \/>\n<meta name=\"author\" content=\"c2351037\" \/>\n<meta name=\"twitter:card\" content=\"summary_large_image\" \/>\n<meta name=\"twitter:label1\" content=\"Escrito por\" \/>\n\t<meta name=\"twitter:data1\" content=\"c2351037\" \/>\n\t<meta name=\"twitter:label2\" content=\"Tiempo de lectura\" \/>\n\t<meta name=\"twitter:data2\" content=\"2 minutos\" \/>\n<script type=\"application\/ld+json\" class=\"yoast-schema-graph\">{\"@context\":\"https:\\\/\\\/schema.org\",\"@graph\":[{\"@type\":\"Article\",\"@id\":\"https:\\\/\\\/oibca.gob.ar\\\/main\\\/capacitacion-residuos-peligrosos\\\/#article\",\"isPartOf\":{\"@id\":\"https:\\\/\\\/oibca.gob.ar\\\/main\\\/capacitacion-residuos-peligrosos\\\/\"},\"author\":{\"name\":\"c2351037\",\"@id\":\"https:\\\/\\\/oibca.gob.ar\\\/main\\\/#\\\/schema\\\/person\\\/1056d8678520282d647bac14db0a6500\"},\"headline\":\"CAPACITACI\u00d3N RESIDUOS PELIGROSOS\",\"datePublished\":\"2024-04-14T23:37:46+00:00\",\"dateModified\":\"2024-04-23T23:38:39+00:00\",\"mainEntityOfPage\":{\"@id\":\"https:\\\/\\\/oibca.gob.ar\\\/main\\\/capacitacion-residuos-peligrosos\\\/\"},\"wordCount\":54,\"commentCount\":0,\"publisher\":{\"@id\":\"https:\\\/\\\/oibca.gob.ar\\\/main\\\/#organization\"},\"image\":{\"@id\":\"https:\\\/\\\/oibca.gob.ar\\\/main\\\/capacitacion-residuos-peligrosos\\\/#primaryimage\"},\"thumbnailUrl\":\"https:\\\/\\\/oibca.gob.ar\\\/main\\\/wp-content\\\/uploads\\\/2024\\\/04\\\/CAPACITACION-RESIDUOS-PELIGROSOS-4.jpg\",\"keywords\":[\"capacitaci\u00f3n\",\"Las Perdices\"],\"articleSection\":[\"Noticias\"],\"inLanguage\":\"es\",\"potentialAction\":[{\"@type\":\"CommentAction\",\"name\":\"Comment\",\"target\":[\"https:\\\/\\\/oibca.gob.ar\\\/main\\\/capacitacion-residuos-peligrosos\\\/#respond\"]}]},{\"@type\":\"WebPage\",\"@id\":\"https:\\\/\\\/oibca.gob.ar\\\/main\\\/capacitacion-residuos-peligrosos\\\/\",\"url\":\"https:\\\/\\\/oibca.gob.ar\\\/main\\\/capacitacion-residuos-peligrosos\\\/\",\"name\":\"CAPACITACI\u00d3N RESIDUOS PELIGROSOS - OIBCA\",\"isPartOf\":{\"@id\":\"https:\\\/\\\/oibca.gob.ar\\\/main\\\/#website\"},\"primaryImageOfPage\":{\"@id\":\"https:\\\/\\\/oibca.gob.ar\\\/main\\\/capacitacion-residuos-peligrosos\\\/#primaryimage\"},\"image\":{\"@id\":\"https:\\\/\\\/oibca.gob.ar\\\/main\\\/capacitacion-residuos-peligrosos\\\/#primaryimage\"},\"thumbnailUrl\":\"https:\\\/\\\/oibca.gob.ar\\\/main\\\/wp-content\\\/uploads\\\/2024\\\/04\\\/CAPACITACION-RESIDUOS-PELIGROSOS-4.jpg\",\"datePublished\":\"2024-04-14T23:37:46+00:00\",\"dateModified\":\"2024-04-23T23:38:39+00:00\",\"inLanguage\":\"es\",\"potentialAction\":[{\"@type\":\"ReadAction\",\"target\":[\"https:\\\/\\\/oibca.gob.ar\\\/main\\\/capacitacion-residuos-peligrosos\\\/\"]}]},{\"@type\":\"ImageObject\",\"inLanguage\":\"es\",\"@id\":\"https:\\\/\\\/oibca.gob.ar\\\/main\\\/capacitacion-residuos-peligrosos\\\/#primaryimage\",\"url\":\"https:\\\/\\\/oibca.gob.ar\\\/main\\\/wp-content\\\/uploads\\\/2024\\\/04\\\/CAPACITACION-RESIDUOS-PELIGROSOS-4.jpg\",\"contentUrl\":\"https:\\\/\\\/oibca.gob.ar\\\/main\\\/wp-content\\\/uploads\\\/2024\\\/04\\\/CAPACITACION-RESIDUOS-PELIGROSOS-4.jpg\",\"width\":1592,\"height\":903},{\"@type\":\"WebSite\",\"@id\":\"https:\\\/\\\/oibca.gob.ar\\\/main\\\/#website\",\"url\":\"https:\\\/\\\/oibca.gob.ar\\\/main\\\/\",\"name\":\"OIBCA\",\"description\":\"Organismo Intermunicipal de Bromatologia y Control Ambiental\",\"publisher\":{\"@id\":\"https:\\\/\\\/oibca.gob.ar\\\/main\\\/#organization\"},\"potentialAction\":[{\"@type\":\"SearchAction\",\"target\":{\"@type\":\"EntryPoint\",\"urlTemplate\":\"https:\\\/\\\/oibca.gob.ar\\\/main\\\/?s={search_term_string}\"},\"query-input\":{\"@type\":\"PropertyValueSpecification\",\"valueRequired\":true,\"valueName\":\"search_term_string\"}}],\"inLanguage\":\"es\"},{\"@type\":\"Organization\",\"@id\":\"https:\\\/\\\/oibca.gob.ar\\\/main\\\/#organization\",\"name\":\"OIBCA\",\"url\":\"https:\\\/\\\/oibca.gob.ar\\\/main\\\/\",\"logo\":{\"@type\":\"ImageObject\",\"inLanguage\":\"es\",\"@id\":\"https:\\\/\\\/oibca.gob.ar\\\/main\\\/#\\\/schema\\\/logo\\\/image\\\/\",\"url\":\"https:\\\/\\\/oibca.gob.ar\\\/main\\\/wp-content\\\/uploads\\\/2022\\\/03\\\/logo-OIBCA.png\",\"contentUrl\":\"https:\\\/\\\/oibca.gob.ar\\\/main\\\/wp-content\\\/uploads\\\/2022\\\/03\\\/logo-OIBCA.png\",\"width\":262,\"height\":244,\"caption\":\"OIBCA\"},\"image\":{\"@id\":\"https:\\\/\\\/oibca.gob.ar\\\/main\\\/#\\\/schema\\\/logo\\\/image\\\/\"}},{\"@type\":\"Person\",\"@id\":\"https:\\\/\\\/oibca.gob.ar\\\/main\\\/#\\\/schema\\\/person\\\/1056d8678520282d647bac14db0a6500\",\"name\":\"c2351037\",\"image\":{\"@type\":\"ImageObject\",\"inLanguage\":\"es\",\"@id\":\"https:\\\/\\\/secure.gravatar.com\\\/avatar\\\/58ae59209614e7b73eb4cc76cc09ead151ab1c5db9b8df031c3781954a5d5647?s=96&d=mm&r=g\",\"url\":\"https:\\\/\\\/secure.gravatar.com\\\/avatar\\\/58ae59209614e7b73eb4cc76cc09ead151ab1c5db9b8df031c3781954a5d5647?s=96&d=mm&r=g\",\"contentUrl\":\"https:\\\/\\\/secure.gravatar.com\\\/avatar\\\/58ae59209614e7b73eb4cc76cc09ead151ab1c5db9b8df031c3781954a5d5647?s=96&d=mm&r=g\",\"caption\":\"c2351037\"},\"url\":\"https:\\\/\\\/oibca.gob.ar\\\/main\\\/author\\\/c2351037\\\/\"}]}<\/script>\n<!-- \/ Yoast SEO plugin. -->","yoast_head_json":{"title":"CAPACITACI\u00d3N RESIDUOS PELIGROSOS - OIBCA","robots":{"index":"index","follow":"follow","max-snippet":"max-snippet:-1","max-image-preview":"max-image-preview:large","max-video-preview":"max-video-preview:-1"},"canonical":"https:\/\/oibca.gob.ar\/main\/capacitacion-residuos-peligrosos\/","og_locale":"es_ES","og_type":"article","og_title":"CAPACITACI\u00d3N RESIDUOS PELIGROSOS - OIBCA","og_description":"El jueves 14 de marzo se realiz\u00f3 una capacitaci\u00f3n sobre Gesti\u00f3n y Manejo de Residuos Peligrosos en Las Perdices, a cargo del Mgt. Lic. Manuel Millares.","og_url":"https:\/\/oibca.gob.ar\/main\/capacitacion-residuos-peligrosos\/","og_site_name":"OIBCA","article_published_time":"2024-04-14T23:37:46+00:00","article_modified_time":"2024-04-23T23:38:39+00:00","og_image":[{"width":1592,"height":903,"url":"https:\/\/oibca.gob.ar\/main\/wp-content\/uploads\/2024\/04\/CAPACITACION-RESIDUOS-PELIGROSOS-4.jpg","type":"image\/jpeg"}],"author":"c2351037","twitter_card":"summary_large_image","twitter_misc":{"Escrito por":"c2351037","Tiempo de lectura":"2 minutos"},"schema":{"@context":"https:\/\/schema.org","@graph":[{"@type":"Article","@id":"https:\/\/oibca.gob.ar\/main\/capacitacion-residuos-peligrosos\/#article","isPartOf":{"@id":"https:\/\/oibca.gob.ar\/main\/capacitacion-residuos-peligrosos\/"},"author":{"name":"c2351037","@id":"https:\/\/oibca.gob.ar\/main\/#\/schema\/person\/1056d8678520282d647bac14db0a6500"},"headline":"CAPACITACI\u00d3N RESIDUOS PELIGROSOS","datePublished":"2024-04-14T23:37:46+00:00","dateModified":"2024-04-23T23:38:39+00:00","mainEntityOfPage":{"@id":"https:\/\/oibca.gob.ar\/main\/capacitacion-residuos-peligrosos\/"},"wordCount":54,"commentCount":0,"publisher":{"@id":"https:\/\/oibca.gob.ar\/main\/#organization"},"image":{"@id":"https:\/\/oibca.gob.ar\/main\/capacitacion-residuos-peligrosos\/#primaryimage"},"thumbnailUrl":"https:\/\/oibca.gob.ar\/main\/wp-content\/uploads\/2024\/04\/CAPACITACION-RESIDUOS-PELIGROSOS-4.jpg","keywords":["capacitaci\u00f3n","Las Perdices"],"articleSection":["Noticias"],"inLanguage":"es","potentialAction":[{"@type":"CommentAction","name":"Comment","target":["https:\/\/oibca.gob.ar\/main\/capacitacion-residuos-peligrosos\/#respond"]}]},{"@type":"WebPage","@id":"https:\/\/oibca.gob.ar\/main\/capacitacion-residuos-peligrosos\/","url":"https:\/\/oibca.gob.ar\/main\/capacitacion-residuos-peligrosos\/","name":"CAPACITACI\u00d3N RESIDUOS PELIGROSOS - OIBCA","isPartOf":{"@id":"https:\/\/oibca.gob.ar\/main\/#website"},"primaryImageOfPage":{"@id":"https:\/\/oibca.gob.ar\/main\/capacitacion-residuos-peligrosos\/#primaryimage"},"image":{"@id":"https:\/\/oibca.gob.ar\/main\/capacitacion-residuos-peligrosos\/#primaryimage"},"thumbnailUrl":"https:\/\/oibca.gob.ar\/main\/wp-content\/uploads\/2024\/04\/CAPACITACION-RESIDUOS-PELIGROSOS-4.jpg","datePublished":"2024-04-14T23:37:46+00:00","dateModified":"2024-04-23T23:38:39+00:00","inLanguage":"es","potentialAction":[{"@type":"ReadAction","target":["https:\/\/oibca.gob.ar\/main\/capacitacion-residuos-peligrosos\/"]}]},{"@type":"ImageObject","inLanguage":"es","@id":"https:\/\/oibca.gob.ar\/main\/capacitacion-residuos-peligrosos\/#primaryimage","url":"https:\/\/oibca.gob.ar\/main\/wp-content\/uploads\/2024\/04\/CAPACITACION-RESIDUOS-PELIGROSOS-4.jpg","contentUrl":"https:\/\/oibca.gob.ar\/main\/wp-content\/uploads\/2024\/04\/CAPACITACION-RESIDUOS-PELIGROSOS-4.jpg","width":1592,"height":903},{"@type":"WebSite","@id":"https:\/\/oibca.gob.ar\/main\/#website","url":"https:\/\/oibca.gob.ar\/main\/","name":"OIBCA","description":"Organismo Intermunicipal de Bromatologia y Control Ambiental","publisher":{"@id":"https:\/\/oibca.gob.ar\/main\/#organization"},"potentialAction":[{"@type":"SearchAction","target":{"@type":"EntryPoint","urlTemplate":"https:\/\/oibca.gob.ar\/main\/?s={search_term_string}"},"query-input":{"@type":"PropertyValueSpecification","valueRequired":true,"valueName":"search_term_string"}}],"inLanguage":"es"},{"@type":"Organization","@id":"https:\/\/oibca.gob.ar\/main\/#organization","name":"OIBCA","url":"https:\/\/oibca.gob.ar\/main\/","logo":{"@type":"ImageObject","inLanguage":"es","@id":"https:\/\/oibca.gob.ar\/main\/#\/schema\/logo\/image\/","url":"https:\/\/oibca.gob.ar\/main\/wp-content\/uploads\/2022\/03\/logo-OIBCA.png","contentUrl":"https:\/\/oibca.gob.ar\/main\/wp-content\/uploads\/2022\/03\/logo-OIBCA.png","width":262,"height":244,"caption":"OIBCA"},"image":{"@id":"https:\/\/oibca.gob.ar\/main\/#\/schema\/logo\/image\/"}},{"@type":"Person","@id":"https:\/\/oibca.gob.ar\/main\/#\/schema\/person\/1056d8678520282d647bac14db0a6500","name":"c2351037","image":{"@type":"ImageObject","inLanguage":"es","@id":"https:\/\/secure.gravatar.com\/avatar\/58ae59209614e7b73eb4cc76cc09ead151ab1c5db9b8df031c3781954a5d5647?s=96&d=mm&r=g","url":"https:\/\/secure.gravatar.com\/avatar\/58ae59209614e7b73eb4cc76cc09ead151ab1c5db9b8df031c3781954a5d5647?s=96&d=mm&r=g","contentUrl":"https:\/\/secure.gravatar.com\/avatar\/58ae59209614e7b73eb4cc76cc09ead151ab1c5db9b8df031c3781954a5d5647?s=96&d=mm&r=g","caption":"c2351037"},"url":"https:\/\/oibca.gob.ar\/main\/author\/c2351037\/"}]}},"_links":{"self":[{"href":"https:\/\/oibca.gob.ar\/main\/wp-json\/wp\/v2\/posts\/1072","targetHints":{"allow":["GET"]}}],"collection":[{"href":"https:\/\/oibca.gob.ar\/main\/wp-json\/wp\/v2\/posts"}],"about":[{"href":"https:\/\/oibca.gob.ar\/main\/wp-json\/wp\/v2\/types\/post"}],"author":[{"embeddable":true,"href":"https:\/\/oibca.gob.ar\/main\/wp-json\/wp\/v2\/users\/2"}],"replies":[{"embeddable":true,"href":"https:\/\/oibca.gob.ar\/main\/wp-json\/wp\/v2\/comments?post=1072"}],"version-history":[{"count":2,"href":"https:\/\/oibca.gob.ar\/main\/wp-json\/wp\/v2\/posts\/1072\/revisions"}],"predecessor-version":[{"id":1079,"href":"https:\/\/oibca.gob.ar\/main\/wp-json\/wp\/v2\/posts\/1072\/revisions\/1079"}],"wp:featuredmedia":[{"embeddable":true,"href":"https:\/\/oibca.gob.ar\/main\/wp-json\/wp\/v2\/media\/1073"}],"wp:attachment":[{"href":"https:\/\/oibca.gob.ar\/main\/wp-json\/wp\/v2\/media?parent=1072"}],"wp:term":[{"taxonomy":"category","embeddable":true,"href":"https:\/\/oibca.gob.ar\/main\/wp-json\/wp\/v2\/categories?post=1072"},{"taxonomy":"post_tag","embeddable":true,"href":"https:\/\/oibca.gob.ar\/main\/wp-json\/wp\/v2\/tags?post=1072"}],"curies":[{"name":"wp","href":"https:\/\/api.w.org\/{rel}","templated":true}]}}