{"id":1080,"date":"2024-04-08T20:41:06","date_gmt":"2024-04-08T23:41:06","guid":{"rendered":"https:\/\/oibca.gob.ar\/main\/?p=1080"},"modified":"2024-04-23T20:46:40","modified_gmt":"2024-04-23T23:46:40","slug":"fumigacion-contra-el-dengue","status":"publish","type":"post","link":"https:\/\/oibca.gob.ar\/main\/fumigacion-contra-el-dengue\/","title":{"rendered":"Fumigaci\u00f3n contra el dengue"},"content":{"rendered":"\n<figure class=\"wp-block-image size-large is-resized\"><a href=\"https:\/\/oibca.gob.ar\/main\/wp-content\/uploads\/2024\/04\/Fumigacion-contra-el-dengue-6.jpg\"><img fetchpriority=\"high\" decoding=\"async\" width=\"1024\" height=\"768\" src=\"https:\/\/oibca.gob.ar\/main\/wp-content\/uploads\/2024\/04\/Fumigacion-contra-el-dengue-6-1024x768.jpg\" alt=\"\" class=\"wp-image-1081\" style=\"width:690px;height:auto\" srcset=\"https:\/\/oibca.gob.ar\/main\/wp-content\/uploads\/2024\/04\/Fumigacion-contra-el-dengue-6-1024x768.jpg 1024w, https:\/\/oibca.gob.ar\/main\/wp-content\/uploads\/2024\/04\/Fumigacion-contra-el-dengue-6-300x225.jpg 300w, https:\/\/oibca.gob.ar\/main\/wp-content\/uploads\/2024\/04\/Fumigacion-contra-el-dengue-6-768x576.jpg 768w, https:\/\/oibca.gob.ar\/main\/wp-content\/uploads\/2024\/04\/Fumigacion-contra-el-dengue-6.jpg 1280w\" sizes=\"(max-width: 1024px) 100vw, 1024px\" \/><\/a><\/figure>\n\n\n\n<div style=\"height:30px\" aria-hidden=\"true\" class=\"wp-block-spacer\"><\/div>\n\n\n\n<p>En la madrugada del domingo, llevamos a cabo la sexta jornada de fumigaci\u00f3n contra el mosquito del dengue. Para acompa\u00f1ar estas acciones de prevenci\u00f3n es fundamental realizar el descacharrado correspondiente en cada una de las viviendas.<\/p>\n\n\n\n<p>Recordemos que las acciones de fumigaci\u00f3n deben complementarse con medidas de prevenci\u00f3n en nuestros hogares. <img decoding=\"async\" height=\"16\" width=\"16\" alt=\"&#x1f4a8;\" src=\"https:\/\/static.xx.fbcdn.net\/images\/emoji.php\/v9\/tc3\/1\/16\/1f4a8.png\"><img decoding=\"async\" height=\"16\" width=\"16\" alt=\"&#x1f6fb;\" src=\"https:\/\/static.xx.fbcdn.net\/images\/emoji.php\/v9\/t8a\/1\/16\/1f6fb.png\"><\/p>\n\n\n\n<p>\u00bfCu\u00e1les son estas acciones? Seguramente escuchaste hablar del DESCARRACHADO.<\/p>\n\n\n\n<ul class=\"wp-block-list\">\n<li>Cambi\u00e1 el agua de bebederos de animales, colectores de desag\u00fces de aire acondicionado o lluvia cada 3 d\u00edas.<\/li>\n\n\n\n<li>Da vuelta los objetos que est\u00e9n en el exterior y puedan acumular agua cuando llueve (baldes, palanganas, tambores).<\/li>\n\n\n\n<li>Elimin\u00e1 todos los recipientes en desuso que puedan acumular agua (como latas, botellas, neum\u00e1ticos).<\/li>\n\n\n\n<li>Limpi\u00e1 y cepill\u00e1 canaletas y desag\u00fces de lluvia de los techos.<\/li>\n\n\n\n<li>Tap\u00e1 los tanques y recipientes que se usan para recolectar agua.<\/li>\n\n\n\n<li>Pod\u00e9s rellenar los floreros y portamacetas con arena h\u00fameda.<\/li>\n\n\n\n<li>Tir\u00e1 agua hiviendo o lavandina en las rejillas.<\/li>\n<\/ul>\n\n\n\n<figure class=\"wp-block-gallery has-nested-images columns-default is-cropped wp-block-gallery-1 is-layout-flex wp-block-gallery-is-layout-flex\">\n<figure class=\"wp-block-image size-large\"><a href=\"https:\/\/oibca.gob.ar\/main\/wp-content\/uploads\/2024\/04\/Fumigacion-contra-el-dengue-1.jpg\"><img loading=\"lazy\" decoding=\"async\" width=\"1024\" height=\"768\" data-id=\"1082\" src=\"https:\/\/oibca.gob.ar\/main\/wp-content\/uploads\/2024\/04\/Fumigacion-contra-el-dengue-1-1024x768.jpg\" alt=\"\" class=\"wp-image-1082\" srcset=\"https:\/\/oibca.gob.ar\/main\/wp-content\/uploads\/2024\/04\/Fumigacion-contra-el-dengue-1-1024x768.jpg 1024w, https:\/\/oibca.gob.ar\/main\/wp-content\/uploads\/2024\/04\/Fumigacion-contra-el-dengue-1-300x225.jpg 300w, https:\/\/oibca.gob.ar\/main\/wp-content\/uploads\/2024\/04\/Fumigacion-contra-el-dengue-1-768x576.jpg 768w, https:\/\/oibca.gob.ar\/main\/wp-content\/uploads\/2024\/04\/Fumigacion-contra-el-dengue-1.jpg 1280w\" sizes=\"(max-width: 1024px) 100vw, 1024px\" \/><\/a><\/figure>\n\n\n\n<figure class=\"wp-block-image size-large\"><a href=\"https:\/\/oibca.gob.ar\/main\/wp-content\/uploads\/2024\/04\/Fumigacion-contra-el-dengue-2.jpg\"><img loading=\"lazy\" decoding=\"async\" width=\"1024\" height=\"768\" data-id=\"1083\" src=\"https:\/\/oibca.gob.ar\/main\/wp-content\/uploads\/2024\/04\/Fumigacion-contra-el-dengue-2-1024x768.jpg\" alt=\"\" class=\"wp-image-1083\" srcset=\"https:\/\/oibca.gob.ar\/main\/wp-content\/uploads\/2024\/04\/Fumigacion-contra-el-dengue-2-1024x768.jpg 1024w, https:\/\/oibca.gob.ar\/main\/wp-content\/uploads\/2024\/04\/Fumigacion-contra-el-dengue-2-300x225.jpg 300w, https:\/\/oibca.gob.ar\/main\/wp-content\/uploads\/2024\/04\/Fumigacion-contra-el-dengue-2-768x576.jpg 768w, https:\/\/oibca.gob.ar\/main\/wp-content\/uploads\/2024\/04\/Fumigacion-contra-el-dengue-2.jpg 1280w\" sizes=\"(max-width: 1024px) 100vw, 1024px\" \/><\/a><\/figure>\n\n\n\n<figure class=\"wp-block-image size-large\"><a href=\"https:\/\/oibca.gob.ar\/main\/wp-content\/uploads\/2024\/04\/Fumigacion-contra-el-dengue-5.jpg\"><img loading=\"lazy\" decoding=\"async\" width=\"1024\" height=\"768\" data-id=\"1084\" src=\"https:\/\/oibca.gob.ar\/main\/wp-content\/uploads\/2024\/04\/Fumigacion-contra-el-dengue-5-1024x768.jpg\" alt=\"\" class=\"wp-image-1084\" srcset=\"https:\/\/oibca.gob.ar\/main\/wp-content\/uploads\/2024\/04\/Fumigacion-contra-el-dengue-5-1024x768.jpg 1024w, https:\/\/oibca.gob.ar\/main\/wp-content\/uploads\/2024\/04\/Fumigacion-contra-el-dengue-5-300x225.jpg 300w, https:\/\/oibca.gob.ar\/main\/wp-content\/uploads\/2024\/04\/Fumigacion-contra-el-dengue-5-768x576.jpg 768w, https:\/\/oibca.gob.ar\/main\/wp-content\/uploads\/2024\/04\/Fumigacion-contra-el-dengue-5.jpg 1280w\" sizes=\"(max-width: 1024px) 100vw, 1024px\" \/><\/a><\/figure>\n<\/figure>\n","protected":false},"excerpt":{"rendered":"<p>En la madrugada del domingo, llevamos a cabo la sexta jornada de fumigaci\u00f3n contra el mosquito del dengue. Para acompa\u00f1ar estas acciones de prevenci\u00f3n es fundamental realizar el descacharrado correspondiente en cada una de las viviendas. Recordemos que las acciones de fumigaci\u00f3n deben complementarse con medidas de prevenci\u00f3n en nuestros hogares. \u00bfCu\u00e1les son estas acciones? [&hellip;]<\/p>\n","protected":false},"author":2,"featured_media":1081,"comment_status":"open","ping_status":"open","sticky":false,"template":"","format":"standard","meta":{"site-sidebar-layout":"default","site-content-layout":"","ast-site-content-layout":"default","site-content-style":"default","site-sidebar-style":"default","ast-global-header-display":"","ast-banner-title-visibility":"","ast-main-header-display":"","ast-hfb-above-header-display":"","ast-hfb-below-header-display":"","ast-hfb-mobile-header-display":"","site-post-title":"","ast-breadcrumbs-content":"","ast-featured-img":"disabled","footer-sml-layout":"","ast-disable-related-posts":"","theme-transparent-header-meta":"","adv-header-id-meta":"","stick-header-meta":"","header-above-stick-meta":"","header-main-stick-meta":"","header-below-stick-meta":"","astra-migrate-meta-layouts":"set","ast-page-background-enabled":"default","ast-page-background-meta":{"desktop":{"background-color":"var(--ast-global-color-4)","background-image":"","background-repeat":"repeat","background-position":"center center","background-size":"auto","background-attachment":"scroll","background-type":"","background-media":"","overlay-type":"","overlay-color":"","overlay-opacity":"","overlay-gradient":""},"tablet":{"background-color":"","background-image":"","background-repeat":"repeat","background-position":"center center","background-size":"auto","background-attachment":"scroll","background-type":"","background-media":"","overlay-type":"","overlay-color":"","overlay-opacity":"","overlay-gradient":""},"mobile":{"background-color":"","background-image":"","background-repeat":"repeat","background-position":"center center","background-size":"auto","background-attachment":"scroll","background-type":"","background-media":"","overlay-type":"","overlay-color":"","overlay-opacity":"","overlay-gradient":""}},"ast-content-background-meta":{"desktop":{"background-color":"var(--ast-global-color-5)","background-image":"","background-repeat":"repeat","background-position":"center center","background-size":"auto","background-attachment":"scroll","background-type":"","background-media":"","overlay-type":"","overlay-color":"","overlay-opacity":"","overlay-gradient":""},"tablet":{"background-color":"var(--ast-global-color-5)","background-image":"","background-repeat":"repeat","background-position":"center center","background-size":"auto","background-attachment":"scroll","background-type":"","background-media":"","overlay-type":"","overlay-color":"","overlay-opacity":"","overlay-gradient":""},"mobile":{"background-color":"var(--ast-global-color-5)","background-image":"","background-repeat":"repeat","background-position":"center center","background-size":"auto","background-attachment":"scroll","background-type":"","background-media":"","overlay-type":"","overlay-color":"","overlay-opacity":"","overlay-gradient":""}},"footnotes":""},"categories":[7],"tags":[26,25,27],"class_list":["post-1080","post","type-post","status-publish","format-standard","has-post-thumbnail","hentry","category-noticias","tag-dengue","tag-fumigacion","tag-general-cabrera"],"yoast_head":"<!-- This site is optimized with the Yoast SEO plugin v27.4 - https:\/\/yoast.com\/product\/yoast-seo-wordpress\/ -->\n<title>Fumigaci\u00f3n contra el dengue - OIBCA<\/title>\n<meta name=\"robots\" content=\"index, follow, max-snippet:-1, max-image-preview:large, max-video-preview:-1\" \/>\n<link rel=\"canonical\" href=\"https:\/\/oibca.gob.ar\/main\/fumigacion-contra-el-dengue\/\" \/>\n<meta property=\"og:locale\" content=\"es_ES\" \/>\n<meta property=\"og:type\" content=\"article\" \/>\n<meta property=\"og:title\" content=\"Fumigaci\u00f3n contra el dengue - OIBCA\" \/>\n<meta property=\"og:description\" content=\"En la madrugada del domingo, llevamos a cabo la sexta jornada de fumigaci\u00f3n contra el mosquito del dengue. Para acompa\u00f1ar estas acciones de prevenci\u00f3n es fundamental realizar el descacharrado correspondiente en cada una de las viviendas. Recordemos que las acciones de fumigaci\u00f3n deben complementarse con medidas de prevenci\u00f3n en nuestros hogares. \u00bfCu\u00e1les son estas acciones? [&hellip;]\" \/>\n<meta property=\"og:url\" content=\"https:\/\/oibca.gob.ar\/main\/fumigacion-contra-el-dengue\/\" \/>\n<meta property=\"og:site_name\" content=\"OIBCA\" \/>\n<meta property=\"article:published_time\" content=\"2024-04-08T23:41:06+00:00\" \/>\n<meta property=\"article:modified_time\" content=\"2024-04-23T23:46:40+00:00\" \/>\n<meta property=\"og:image\" content=\"https:\/\/oibca.gob.ar\/main\/wp-content\/uploads\/2024\/04\/Fumigacion-contra-el-dengue-6.jpg\" \/>\n\t<meta property=\"og:image:width\" content=\"1280\" \/>\n\t<meta property=\"og:image:height\" content=\"960\" \/>\n\t<meta property=\"og:image:type\" content=\"image\/jpeg\" \/>\n<meta name=\"author\" content=\"c2351037\" \/>\n<meta name=\"twitter:card\" content=\"summary_large_image\" \/>\n<meta name=\"twitter:label1\" content=\"Escrito por\" \/>\n\t<meta name=\"twitter:data1\" content=\"c2351037\" \/>\n\t<meta name=\"twitter:label2\" content=\"Tiempo de lectura\" \/>\n\t<meta name=\"twitter:data2\" content=\"3 minutos\" \/>\n<script type=\"application\/ld+json\" class=\"yoast-schema-graph\">{\"@context\":\"https:\\\/\\\/schema.org\",\"@graph\":[{\"@type\":\"Article\",\"@id\":\"https:\\\/\\\/oibca.gob.ar\\\/main\\\/fumigacion-contra-el-dengue\\\/#article\",\"isPartOf\":{\"@id\":\"https:\\\/\\\/oibca.gob.ar\\\/main\\\/fumigacion-contra-el-dengue\\\/\"},\"author\":{\"name\":\"c2351037\",\"@id\":\"https:\\\/\\\/oibca.gob.ar\\\/main\\\/#\\\/schema\\\/person\\\/1056d8678520282d647bac14db0a6500\"},\"headline\":\"Fumigaci\u00f3n contra el dengue\",\"datePublished\":\"2024-04-08T23:41:06+00:00\",\"dateModified\":\"2024-04-23T23:46:40+00:00\",\"mainEntityOfPage\":{\"@id\":\"https:\\\/\\\/oibca.gob.ar\\\/main\\\/fumigacion-contra-el-dengue\\\/\"},\"wordCount\":166,\"commentCount\":0,\"publisher\":{\"@id\":\"https:\\\/\\\/oibca.gob.ar\\\/main\\\/#organization\"},\"image\":{\"@id\":\"https:\\\/\\\/oibca.gob.ar\\\/main\\\/fumigacion-contra-el-dengue\\\/#primaryimage\"},\"thumbnailUrl\":\"https:\\\/\\\/oibca.gob.ar\\\/main\\\/wp-content\\\/uploads\\\/2024\\\/04\\\/Fumigacion-contra-el-dengue-6.jpg\",\"keywords\":[\"dengue\",\"fumigaci\u00f3n\",\"General Cabrera\"],\"articleSection\":[\"Noticias\"],\"inLanguage\":\"es\",\"potentialAction\":[{\"@type\":\"CommentAction\",\"name\":\"Comment\",\"target\":[\"https:\\\/\\\/oibca.gob.ar\\\/main\\\/fumigacion-contra-el-dengue\\\/#respond\"]}]},{\"@type\":\"WebPage\",\"@id\":\"https:\\\/\\\/oibca.gob.ar\\\/main\\\/fumigacion-contra-el-dengue\\\/\",\"url\":\"https:\\\/\\\/oibca.gob.ar\\\/main\\\/fumigacion-contra-el-dengue\\\/\",\"name\":\"Fumigaci\u00f3n contra el dengue - OIBCA\",\"isPartOf\":{\"@id\":\"https:\\\/\\\/oibca.gob.ar\\\/main\\\/#website\"},\"primaryImageOfPage\":{\"@id\":\"https:\\\/\\\/oibca.gob.ar\\\/main\\\/fumigacion-contra-el-dengue\\\/#primaryimage\"},\"image\":{\"@id\":\"https:\\\/\\\/oibca.gob.ar\\\/main\\\/fumigacion-contra-el-dengue\\\/#primaryimage\"},\"thumbnailUrl\":\"https:\\\/\\\/oibca.gob.ar\\\/main\\\/wp-content\\\/uploads\\\/2024\\\/04\\\/Fumigacion-contra-el-dengue-6.jpg\",\"datePublished\":\"2024-04-08T23:41:06+00:00\",\"dateModified\":\"2024-04-23T23:46:40+00:00\",\"inLanguage\":\"es\",\"potentialAction\":[{\"@type\":\"ReadAction\",\"target\":[\"https:\\\/\\\/oibca.gob.ar\\\/main\\\/fumigacion-contra-el-dengue\\\/\"]}]},{\"@type\":\"ImageObject\",\"inLanguage\":\"es\",\"@id\":\"https:\\\/\\\/oibca.gob.ar\\\/main\\\/fumigacion-contra-el-dengue\\\/#primaryimage\",\"url\":\"https:\\\/\\\/oibca.gob.ar\\\/main\\\/wp-content\\\/uploads\\\/2024\\\/04\\\/Fumigacion-contra-el-dengue-6.jpg\",\"contentUrl\":\"https:\\\/\\\/oibca.gob.ar\\\/main\\\/wp-content\\\/uploads\\\/2024\\\/04\\\/Fumigacion-contra-el-dengue-6.jpg\",\"width\":1280,\"height\":960},{\"@type\":\"WebSite\",\"@id\":\"https:\\\/\\\/oibca.gob.ar\\\/main\\\/#website\",\"url\":\"https:\\\/\\\/oibca.gob.ar\\\/main\\\/\",\"name\":\"OIBCA\",\"description\":\"Organismo Intermunicipal de Bromatologia y Control Ambiental\",\"publisher\":{\"@id\":\"https:\\\/\\\/oibca.gob.ar\\\/main\\\/#organization\"},\"potentialAction\":[{\"@type\":\"SearchAction\",\"target\":{\"@type\":\"EntryPoint\",\"urlTemplate\":\"https:\\\/\\\/oibca.gob.ar\\\/main\\\/?s={search_term_string}\"},\"query-input\":{\"@type\":\"PropertyValueSpecification\",\"valueRequired\":true,\"valueName\":\"search_term_string\"}}],\"inLanguage\":\"es\"},{\"@type\":\"Organization\",\"@id\":\"https:\\\/\\\/oibca.gob.ar\\\/main\\\/#organization\",\"name\":\"OIBCA\",\"url\":\"https:\\\/\\\/oibca.gob.ar\\\/main\\\/\",\"logo\":{\"@type\":\"ImageObject\",\"inLanguage\":\"es\",\"@id\":\"https:\\\/\\\/oibca.gob.ar\\\/main\\\/#\\\/schema\\\/logo\\\/image\\\/\",\"url\":\"https:\\\/\\\/oibca.gob.ar\\\/main\\\/wp-content\\\/uploads\\\/2022\\\/03\\\/logo-OIBCA.png\",\"contentUrl\":\"https:\\\/\\\/oibca.gob.ar\\\/main\\\/wp-content\\\/uploads\\\/2022\\\/03\\\/logo-OIBCA.png\",\"width\":262,\"height\":244,\"caption\":\"OIBCA\"},\"image\":{\"@id\":\"https:\\\/\\\/oibca.gob.ar\\\/main\\\/#\\\/schema\\\/logo\\\/image\\\/\"}},{\"@type\":\"Person\",\"@id\":\"https:\\\/\\\/oibca.gob.ar\\\/main\\\/#\\\/schema\\\/person\\\/1056d8678520282d647bac14db0a6500\",\"name\":\"c2351037\",\"image\":{\"@type\":\"ImageObject\",\"inLanguage\":\"es\",\"@id\":\"https:\\\/\\\/secure.gravatar.com\\\/avatar\\\/58ae59209614e7b73eb4cc76cc09ead151ab1c5db9b8df031c3781954a5d5647?s=96&d=mm&r=g\",\"url\":\"https:\\\/\\\/secure.gravatar.com\\\/avatar\\\/58ae59209614e7b73eb4cc76cc09ead151ab1c5db9b8df031c3781954a5d5647?s=96&d=mm&r=g\",\"contentUrl\":\"https:\\\/\\\/secure.gravatar.com\\\/avatar\\\/58ae59209614e7b73eb4cc76cc09ead151ab1c5db9b8df031c3781954a5d5647?s=96&d=mm&r=g\",\"caption\":\"c2351037\"},\"url\":\"https:\\\/\\\/oibca.gob.ar\\\/main\\\/author\\\/c2351037\\\/\"}]}<\/script>\n<!-- \/ Yoast SEO plugin. -->","yoast_head_json":{"title":"Fumigaci\u00f3n contra el dengue - OIBCA","robots":{"index":"index","follow":"follow","max-snippet":"max-snippet:-1","max-image-preview":"max-image-preview:large","max-video-preview":"max-video-preview:-1"},"canonical":"https:\/\/oibca.gob.ar\/main\/fumigacion-contra-el-dengue\/","og_locale":"es_ES","og_type":"article","og_title":"Fumigaci\u00f3n contra el dengue - OIBCA","og_description":"En la madrugada del domingo, llevamos a cabo la sexta jornada de fumigaci\u00f3n contra el mosquito del dengue. Para acompa\u00f1ar estas acciones de prevenci\u00f3n es fundamental realizar el descacharrado correspondiente en cada una de las viviendas. Recordemos que las acciones de fumigaci\u00f3n deben complementarse con medidas de prevenci\u00f3n en nuestros hogares. \u00bfCu\u00e1les son estas acciones? [&hellip;]","og_url":"https:\/\/oibca.gob.ar\/main\/fumigacion-contra-el-dengue\/","og_site_name":"OIBCA","article_published_time":"2024-04-08T23:41:06+00:00","article_modified_time":"2024-04-23T23:46:40+00:00","og_image":[{"width":1280,"height":960,"url":"https:\/\/oibca.gob.ar\/main\/wp-content\/uploads\/2024\/04\/Fumigacion-contra-el-dengue-6.jpg","type":"image\/jpeg"}],"author":"c2351037","twitter_card":"summary_large_image","twitter_misc":{"Escrito por":"c2351037","Tiempo de lectura":"3 minutos"},"schema":{"@context":"https:\/\/schema.org","@graph":[{"@type":"Article","@id":"https:\/\/oibca.gob.ar\/main\/fumigacion-contra-el-dengue\/#article","isPartOf":{"@id":"https:\/\/oibca.gob.ar\/main\/fumigacion-contra-el-dengue\/"},"author":{"name":"c2351037","@id":"https:\/\/oibca.gob.ar\/main\/#\/schema\/person\/1056d8678520282d647bac14db0a6500"},"headline":"Fumigaci\u00f3n contra el dengue","datePublished":"2024-04-08T23:41:06+00:00","dateModified":"2024-04-23T23:46:40+00:00","mainEntityOfPage":{"@id":"https:\/\/oibca.gob.ar\/main\/fumigacion-contra-el-dengue\/"},"wordCount":166,"commentCount":0,"publisher":{"@id":"https:\/\/oibca.gob.ar\/main\/#organization"},"image":{"@id":"https:\/\/oibca.gob.ar\/main\/fumigacion-contra-el-dengue\/#primaryimage"},"thumbnailUrl":"https:\/\/oibca.gob.ar\/main\/wp-content\/uploads\/2024\/04\/Fumigacion-contra-el-dengue-6.jpg","keywords":["dengue","fumigaci\u00f3n","General Cabrera"],"articleSection":["Noticias"],"inLanguage":"es","potentialAction":[{"@type":"CommentAction","name":"Comment","target":["https:\/\/oibca.gob.ar\/main\/fumigacion-contra-el-dengue\/#respond"]}]},{"@type":"WebPage","@id":"https:\/\/oibca.gob.ar\/main\/fumigacion-contra-el-dengue\/","url":"https:\/\/oibca.gob.ar\/main\/fumigacion-contra-el-dengue\/","name":"Fumigaci\u00f3n contra el dengue - OIBCA","isPartOf":{"@id":"https:\/\/oibca.gob.ar\/main\/#website"},"primaryImageOfPage":{"@id":"https:\/\/oibca.gob.ar\/main\/fumigacion-contra-el-dengue\/#primaryimage"},"image":{"@id":"https:\/\/oibca.gob.ar\/main\/fumigacion-contra-el-dengue\/#primaryimage"},"thumbnailUrl":"https:\/\/oibca.gob.ar\/main\/wp-content\/uploads\/2024\/04\/Fumigacion-contra-el-dengue-6.jpg","datePublished":"2024-04-08T23:41:06+00:00","dateModified":"2024-04-23T23:46:40+00:00","inLanguage":"es","potentialAction":[{"@type":"ReadAction","target":["https:\/\/oibca.gob.ar\/main\/fumigacion-contra-el-dengue\/"]}]},{"@type":"ImageObject","inLanguage":"es","@id":"https:\/\/oibca.gob.ar\/main\/fumigacion-contra-el-dengue\/#primaryimage","url":"https:\/\/oibca.gob.ar\/main\/wp-content\/uploads\/2024\/04\/Fumigacion-contra-el-dengue-6.jpg","contentUrl":"https:\/\/oibca.gob.ar\/main\/wp-content\/uploads\/2024\/04\/Fumigacion-contra-el-dengue-6.jpg","width":1280,"height":960},{"@type":"WebSite","@id":"https:\/\/oibca.gob.ar\/main\/#website","url":"https:\/\/oibca.gob.ar\/main\/","name":"OIBCA","description":"Organismo Intermunicipal de Bromatologia y Control Ambiental","publisher":{"@id":"https:\/\/oibca.gob.ar\/main\/#organization"},"potentialAction":[{"@type":"SearchAction","target":{"@type":"EntryPoint","urlTemplate":"https:\/\/oibca.gob.ar\/main\/?s={search_term_string}"},"query-input":{"@type":"PropertyValueSpecification","valueRequired":true,"valueName":"search_term_string"}}],"inLanguage":"es"},{"@type":"Organization","@id":"https:\/\/oibca.gob.ar\/main\/#organization","name":"OIBCA","url":"https:\/\/oibca.gob.ar\/main\/","logo":{"@type":"ImageObject","inLanguage":"es","@id":"https:\/\/oibca.gob.ar\/main\/#\/schema\/logo\/image\/","url":"https:\/\/oibca.gob.ar\/main\/wp-content\/uploads\/2022\/03\/logo-OIBCA.png","contentUrl":"https:\/\/oibca.gob.ar\/main\/wp-content\/uploads\/2022\/03\/logo-OIBCA.png","width":262,"height":244,"caption":"OIBCA"},"image":{"@id":"https:\/\/oibca.gob.ar\/main\/#\/schema\/logo\/image\/"}},{"@type":"Person","@id":"https:\/\/oibca.gob.ar\/main\/#\/schema\/person\/1056d8678520282d647bac14db0a6500","name":"c2351037","image":{"@type":"ImageObject","inLanguage":"es","@id":"https:\/\/secure.gravatar.com\/avatar\/58ae59209614e7b73eb4cc76cc09ead151ab1c5db9b8df031c3781954a5d5647?s=96&d=mm&r=g","url":"https:\/\/secure.gravatar.com\/avatar\/58ae59209614e7b73eb4cc76cc09ead151ab1c5db9b8df031c3781954a5d5647?s=96&d=mm&r=g","contentUrl":"https:\/\/secure.gravatar.com\/avatar\/58ae59209614e7b73eb4cc76cc09ead151ab1c5db9b8df031c3781954a5d5647?s=96&d=mm&r=g","caption":"c2351037"},"url":"https:\/\/oibca.gob.ar\/main\/author\/c2351037\/"}]}},"_links":{"self":[{"href":"https:\/\/oibca.gob.ar\/main\/wp-json\/wp\/v2\/posts\/1080","targetHints":{"allow":["GET"]}}],"collection":[{"href":"https:\/\/oibca.gob.ar\/main\/wp-json\/wp\/v2\/posts"}],"about":[{"href":"https:\/\/oibca.gob.ar\/main\/wp-json\/wp\/v2\/types\/post"}],"author":[{"embeddable":true,"href":"https:\/\/oibca.gob.ar\/main\/wp-json\/wp\/v2\/users\/2"}],"replies":[{"embeddable":true,"href":"https:\/\/oibca.gob.ar\/main\/wp-json\/wp\/v2\/comments?post=1080"}],"version-history":[{"count":1,"href":"https:\/\/oibca.gob.ar\/main\/wp-json\/wp\/v2\/posts\/1080\/revisions"}],"predecessor-version":[{"id":1085,"href":"https:\/\/oibca.gob.ar\/main\/wp-json\/wp\/v2\/posts\/1080\/revisions\/1085"}],"wp:featuredmedia":[{"embeddable":true,"href":"https:\/\/oibca.gob.ar\/main\/wp-json\/wp\/v2\/media\/1081"}],"wp:attachment":[{"href":"https:\/\/oibca.gob.ar\/main\/wp-json\/wp\/v2\/media?parent=1080"}],"wp:term":[{"taxonomy":"category","embeddable":true,"href":"https:\/\/oibca.gob.ar\/main\/wp-json\/wp\/v2\/categories?post=1080"},{"taxonomy":"post_tag","embeddable":true,"href":"https:\/\/oibca.gob.ar\/main\/wp-json\/wp\/v2\/tags?post=1080"}],"curies":[{"name":"wp","href":"https:\/\/api.w.org\/{rel}","templated":true}]}}