{"id":1164,"date":"2024-09-06T22:01:20","date_gmt":"2024-09-07T01:01:20","guid":{"rendered":"https:\/\/oibca.gob.ar\/main\/?p=1164"},"modified":"2024-09-16T22:06:38","modified_gmt":"2024-09-17T01:06:38","slug":"charla-sobre-tenencia-responsable-de-mascotas-2","status":"publish","type":"post","link":"https:\/\/oibca.gob.ar\/main\/charla-sobre-tenencia-responsable-de-mascotas-2\/","title":{"rendered":"Charla sobre Tenencia Responsable de Mascotas"},"content":{"rendered":"\n<figure class=\"wp-block-image size-large\"><a href=\"https:\/\/oibca.gob.ar\/main\/wp-content\/uploads\/2024\/09\/Charla-sobre-Tenencia-Responsable-de-Mascotas3.jpg\"><img fetchpriority=\"high\" decoding=\"async\" width=\"1024\" height=\"683\" src=\"https:\/\/oibca.gob.ar\/main\/wp-content\/uploads\/2024\/09\/Charla-sobre-Tenencia-Responsable-de-Mascotas3-1024x683.jpg\" alt=\"Charla sobre Tenencia Responsable de Mascotas\" class=\"wp-image-1165\" srcset=\"https:\/\/oibca.gob.ar\/main\/wp-content\/uploads\/2024\/09\/Charla-sobre-Tenencia-Responsable-de-Mascotas3-1024x683.jpg 1024w, https:\/\/oibca.gob.ar\/main\/wp-content\/uploads\/2024\/09\/Charla-sobre-Tenencia-Responsable-de-Mascotas3-300x200.jpg 300w, https:\/\/oibca.gob.ar\/main\/wp-content\/uploads\/2024\/09\/Charla-sobre-Tenencia-Responsable-de-Mascotas3-768x512.jpg 768w, https:\/\/oibca.gob.ar\/main\/wp-content\/uploads\/2024\/09\/Charla-sobre-Tenencia-Responsable-de-Mascotas3.jpg 1080w\" sizes=\"(max-width: 1024px) 100vw, 1024px\" \/><\/a><\/figure>\n\n\n\n<p style=\"padding-top:var(--wp--preset--spacing--50);padding-bottom:var(--wp--preset--spacing--50)\">Hoy tempranito se realiz\u00f3 la charla abierta a todo p\u00fablico sobre tenencia responsable de mascotas en el Anfiteatro Municipal de Carnerillo. Adem\u00e1s, contamos con la asistencia especial del Centro Educativo San Jos\u00e9 de Calasanz.<\/p>\n\n\n\n<p>El objetivo es concientizar sobre la tenencia responsable de mascotas e invitar a toda la comunidad a la Jornada de Vacunaci\u00f3n Antirr\u00e1bica que se desarrolla el s\u00e1bado 07 de Septiembre.<\/p>\n\n\n\n<figure class=\"wp-block-gallery has-nested-images columns-default is-cropped wp-block-gallery-1 is-layout-flex wp-block-gallery-is-layout-flex\">\n<figure class=\"wp-block-image size-large\"><a href=\"https:\/\/oibca.gob.ar\/main\/wp-content\/uploads\/2024\/09\/Charla-sobre-Tenencia-Responsable-de-Mascotas1.jpg\"><img decoding=\"async\" width=\"1024\" height=\"1024\" data-id=\"1167\" src=\"https:\/\/oibca.gob.ar\/main\/wp-content\/uploads\/2024\/09\/Charla-sobre-Tenencia-Responsable-de-Mascotas1-1024x1024.jpg\" alt=\"\" class=\"wp-image-1167\" srcset=\"https:\/\/oibca.gob.ar\/main\/wp-content\/uploads\/2024\/09\/Charla-sobre-Tenencia-Responsable-de-Mascotas1-1024x1024.jpg 1024w, https:\/\/oibca.gob.ar\/main\/wp-content\/uploads\/2024\/09\/Charla-sobre-Tenencia-Responsable-de-Mascotas1-300x300.jpg 300w, https:\/\/oibca.gob.ar\/main\/wp-content\/uploads\/2024\/09\/Charla-sobre-Tenencia-Responsable-de-Mascotas1-150x150.jpg 150w, https:\/\/oibca.gob.ar\/main\/wp-content\/uploads\/2024\/09\/Charla-sobre-Tenencia-Responsable-de-Mascotas1-768x768.jpg 768w, https:\/\/oibca.gob.ar\/main\/wp-content\/uploads\/2024\/09\/Charla-sobre-Tenencia-Responsable-de-Mascotas1.jpg 1080w\" sizes=\"(max-width: 1024px) 100vw, 1024px\" \/><\/a><\/figure>\n\n\n\n<figure class=\"wp-block-image size-large\"><a href=\"https:\/\/oibca.gob.ar\/main\/wp-content\/uploads\/2024\/09\/Charla-sobre-Tenencia-Responsable-de-Mascotas2.jpg\"><img decoding=\"async\" width=\"1024\" height=\"1024\" data-id=\"1166\" src=\"https:\/\/oibca.gob.ar\/main\/wp-content\/uploads\/2024\/09\/Charla-sobre-Tenencia-Responsable-de-Mascotas2-1024x1024.jpg\" alt=\"\" class=\"wp-image-1166\" srcset=\"https:\/\/oibca.gob.ar\/main\/wp-content\/uploads\/2024\/09\/Charla-sobre-Tenencia-Responsable-de-Mascotas2-1024x1024.jpg 1024w, https:\/\/oibca.gob.ar\/main\/wp-content\/uploads\/2024\/09\/Charla-sobre-Tenencia-Responsable-de-Mascotas2-300x300.jpg 300w, https:\/\/oibca.gob.ar\/main\/wp-content\/uploads\/2024\/09\/Charla-sobre-Tenencia-Responsable-de-Mascotas2-150x150.jpg 150w, https:\/\/oibca.gob.ar\/main\/wp-content\/uploads\/2024\/09\/Charla-sobre-Tenencia-Responsable-de-Mascotas2-768x768.jpg 768w, https:\/\/oibca.gob.ar\/main\/wp-content\/uploads\/2024\/09\/Charla-sobre-Tenencia-Responsable-de-Mascotas2.jpg 1080w\" sizes=\"(max-width: 1024px) 100vw, 1024px\" \/><\/a><\/figure>\n<\/figure>\n","protected":false},"excerpt":{"rendered":"<p>Hoy tempranito se realiz\u00f3 la charla abierta a todo p\u00fablico sobre tenencia responsable de mascotas en el Anfiteatro Municipal de Carnerillo. Adem\u00e1s, contamos con la asistencia especial del Centro Educativo San Jos\u00e9 de Calasanz. El objetivo es concientizar sobre la tenencia responsable de mascotas e invitar a toda la comunidad a la Jornada de Vacunaci\u00f3n [&hellip;]<\/p>\n","protected":false},"author":2,"featured_media":1165,"comment_status":"closed","ping_status":"open","sticky":false,"template":"","format":"standard","meta":{"site-sidebar-layout":"default","site-content-layout":"","ast-site-content-layout":"default","site-content-style":"default","site-sidebar-style":"default","ast-global-header-display":"","ast-banner-title-visibility":"","ast-main-header-display":"","ast-hfb-above-header-display":"","ast-hfb-below-header-display":"","ast-hfb-mobile-header-display":"","site-post-title":"","ast-breadcrumbs-content":"","ast-featured-img":"disabled","footer-sml-layout":"","ast-disable-related-posts":"","theme-transparent-header-meta":"","adv-header-id-meta":"","stick-header-meta":"","header-above-stick-meta":"","header-main-stick-meta":"","header-below-stick-meta":"","astra-migrate-meta-layouts":"set","ast-page-background-enabled":"default","ast-page-background-meta":{"desktop":{"background-color":"var(--ast-global-color-4)","background-image":"","background-repeat":"repeat","background-position":"center center","background-size":"auto","background-attachment":"scroll","background-type":"","background-media":"","overlay-type":"","overlay-color":"","overlay-opacity":"","overlay-gradient":""},"tablet":{"background-color":"","background-image":"","background-repeat":"repeat","background-position":"center center","background-size":"auto","background-attachment":"scroll","background-type":"","background-media":"","overlay-type":"","overlay-color":"","overlay-opacity":"","overlay-gradient":""},"mobile":{"background-color":"","background-image":"","background-repeat":"repeat","background-position":"center center","background-size":"auto","background-attachment":"scroll","background-type":"","background-media":"","overlay-type":"","overlay-color":"","overlay-opacity":"","overlay-gradient":""}},"ast-content-background-meta":{"desktop":{"background-color":"var(--ast-global-color-5)","background-image":"","background-repeat":"repeat","background-position":"center center","background-size":"auto","background-attachment":"scroll","background-type":"","background-media":"","overlay-type":"","overlay-color":"","overlay-opacity":"","overlay-gradient":""},"tablet":{"background-color":"var(--ast-global-color-5)","background-image":"","background-repeat":"repeat","background-position":"center center","background-size":"auto","background-attachment":"scroll","background-type":"","background-media":"","overlay-type":"","overlay-color":"","overlay-opacity":"","overlay-gradient":""},"mobile":{"background-color":"var(--ast-global-color-5)","background-image":"","background-repeat":"repeat","background-position":"center center","background-size":"auto","background-attachment":"scroll","background-type":"","background-media":"","overlay-type":"","overlay-color":"","overlay-opacity":"","overlay-gradient":""}},"footnotes":""},"categories":[7],"tags":[4,31,13,14],"class_list":["post-1164","post","type-post","status-publish","format-standard","has-post-thumbnail","hentry","category-noticias","tag-capacitacion","tag-carnerillo","tag-mascotas","tag-tenencia-responsable"],"yoast_head":"<!-- This site is optimized with the Yoast SEO plugin v27.4 - https:\/\/yoast.com\/product\/yoast-seo-wordpress\/ -->\n<title>Charla sobre Tenencia Responsable de Mascotas - OIBCA<\/title>\n<meta name=\"robots\" content=\"index, follow, max-snippet:-1, max-image-preview:large, max-video-preview:-1\" \/>\n<link rel=\"canonical\" href=\"https:\/\/oibca.gob.ar\/main\/charla-sobre-tenencia-responsable-de-mascotas-2\/\" \/>\n<meta property=\"og:locale\" content=\"es_ES\" \/>\n<meta property=\"og:type\" content=\"article\" \/>\n<meta property=\"og:title\" content=\"Charla sobre Tenencia Responsable de Mascotas - OIBCA\" \/>\n<meta property=\"og:description\" content=\"Hoy tempranito se realiz\u00f3 la charla abierta a todo p\u00fablico sobre tenencia responsable de mascotas en el Anfiteatro Municipal de Carnerillo. Adem\u00e1s, contamos con la asistencia especial del Centro Educativo San Jos\u00e9 de Calasanz. El objetivo es concientizar sobre la tenencia responsable de mascotas e invitar a toda la comunidad a la Jornada de Vacunaci\u00f3n [&hellip;]\" \/>\n<meta property=\"og:url\" content=\"https:\/\/oibca.gob.ar\/main\/charla-sobre-tenencia-responsable-de-mascotas-2\/\" \/>\n<meta property=\"og:site_name\" content=\"OIBCA\" \/>\n<meta property=\"article:published_time\" content=\"2024-09-07T01:01:20+00:00\" \/>\n<meta property=\"article:modified_time\" content=\"2024-09-17T01:06:38+00:00\" \/>\n<meta property=\"og:image\" content=\"https:\/\/oibca.gob.ar\/main\/wp-content\/uploads\/2024\/09\/Charla-sobre-Tenencia-Responsable-de-Mascotas3.jpg\" \/>\n\t<meta property=\"og:image:width\" content=\"1080\" \/>\n\t<meta property=\"og:image:height\" content=\"720\" \/>\n\t<meta property=\"og:image:type\" content=\"image\/jpeg\" \/>\n<meta name=\"author\" content=\"c2351037\" \/>\n<meta name=\"twitter:card\" content=\"summary_large_image\" \/>\n<meta name=\"twitter:label1\" content=\"Escrito por\" \/>\n\t<meta name=\"twitter:data1\" content=\"c2351037\" \/>\n\t<meta name=\"twitter:label2\" content=\"Tiempo de lectura\" \/>\n\t<meta name=\"twitter:data2\" content=\"2 minutos\" \/>\n<script type=\"application\/ld+json\" class=\"yoast-schema-graph\">{\"@context\":\"https:\\\/\\\/schema.org\",\"@graph\":[{\"@type\":\"Article\",\"@id\":\"https:\\\/\\\/oibca.gob.ar\\\/main\\\/charla-sobre-tenencia-responsable-de-mascotas-2\\\/#article\",\"isPartOf\":{\"@id\":\"https:\\\/\\\/oibca.gob.ar\\\/main\\\/charla-sobre-tenencia-responsable-de-mascotas-2\\\/\"},\"author\":{\"name\":\"c2351037\",\"@id\":\"https:\\\/\\\/oibca.gob.ar\\\/main\\\/#\\\/schema\\\/person\\\/1056d8678520282d647bac14db0a6500\"},\"headline\":\"Charla sobre Tenencia Responsable de Mascotas\",\"datePublished\":\"2024-09-07T01:01:20+00:00\",\"dateModified\":\"2024-09-17T01:06:38+00:00\",\"mainEntityOfPage\":{\"@id\":\"https:\\\/\\\/oibca.gob.ar\\\/main\\\/charla-sobre-tenencia-responsable-de-mascotas-2\\\/\"},\"wordCount\":74,\"publisher\":{\"@id\":\"https:\\\/\\\/oibca.gob.ar\\\/main\\\/#organization\"},\"image\":{\"@id\":\"https:\\\/\\\/oibca.gob.ar\\\/main\\\/charla-sobre-tenencia-responsable-de-mascotas-2\\\/#primaryimage\"},\"thumbnailUrl\":\"https:\\\/\\\/oibca.gob.ar\\\/main\\\/wp-content\\\/uploads\\\/2024\\\/09\\\/Charla-sobre-Tenencia-Responsable-de-Mascotas3.jpg\",\"keywords\":[\"capacitaci\u00f3n\",\"Carnerillo\",\"mascotas\",\"tenencia responsable\"],\"articleSection\":[\"Noticias\"],\"inLanguage\":\"es\"},{\"@type\":\"WebPage\",\"@id\":\"https:\\\/\\\/oibca.gob.ar\\\/main\\\/charla-sobre-tenencia-responsable-de-mascotas-2\\\/\",\"url\":\"https:\\\/\\\/oibca.gob.ar\\\/main\\\/charla-sobre-tenencia-responsable-de-mascotas-2\\\/\",\"name\":\"Charla sobre Tenencia Responsable de Mascotas - OIBCA\",\"isPartOf\":{\"@id\":\"https:\\\/\\\/oibca.gob.ar\\\/main\\\/#website\"},\"primaryImageOfPage\":{\"@id\":\"https:\\\/\\\/oibca.gob.ar\\\/main\\\/charla-sobre-tenencia-responsable-de-mascotas-2\\\/#primaryimage\"},\"image\":{\"@id\":\"https:\\\/\\\/oibca.gob.ar\\\/main\\\/charla-sobre-tenencia-responsable-de-mascotas-2\\\/#primaryimage\"},\"thumbnailUrl\":\"https:\\\/\\\/oibca.gob.ar\\\/main\\\/wp-content\\\/uploads\\\/2024\\\/09\\\/Charla-sobre-Tenencia-Responsable-de-Mascotas3.jpg\",\"datePublished\":\"2024-09-07T01:01:20+00:00\",\"dateModified\":\"2024-09-17T01:06:38+00:00\",\"inLanguage\":\"es\",\"potentialAction\":[{\"@type\":\"ReadAction\",\"target\":[\"https:\\\/\\\/oibca.gob.ar\\\/main\\\/charla-sobre-tenencia-responsable-de-mascotas-2\\\/\"]}]},{\"@type\":\"ImageObject\",\"inLanguage\":\"es\",\"@id\":\"https:\\\/\\\/oibca.gob.ar\\\/main\\\/charla-sobre-tenencia-responsable-de-mascotas-2\\\/#primaryimage\",\"url\":\"https:\\\/\\\/oibca.gob.ar\\\/main\\\/wp-content\\\/uploads\\\/2024\\\/09\\\/Charla-sobre-Tenencia-Responsable-de-Mascotas3.jpg\",\"contentUrl\":\"https:\\\/\\\/oibca.gob.ar\\\/main\\\/wp-content\\\/uploads\\\/2024\\\/09\\\/Charla-sobre-Tenencia-Responsable-de-Mascotas3.jpg\",\"width\":1080,\"height\":720,\"caption\":\"Charla sobre Tenencia Responsable de Mascotas\"},{\"@type\":\"WebSite\",\"@id\":\"https:\\\/\\\/oibca.gob.ar\\\/main\\\/#website\",\"url\":\"https:\\\/\\\/oibca.gob.ar\\\/main\\\/\",\"name\":\"OIBCA\",\"description\":\"Organismo Intermunicipal de Bromatologia y Control Ambiental\",\"publisher\":{\"@id\":\"https:\\\/\\\/oibca.gob.ar\\\/main\\\/#organization\"},\"potentialAction\":[{\"@type\":\"SearchAction\",\"target\":{\"@type\":\"EntryPoint\",\"urlTemplate\":\"https:\\\/\\\/oibca.gob.ar\\\/main\\\/?s={search_term_string}\"},\"query-input\":{\"@type\":\"PropertyValueSpecification\",\"valueRequired\":true,\"valueName\":\"search_term_string\"}}],\"inLanguage\":\"es\"},{\"@type\":\"Organization\",\"@id\":\"https:\\\/\\\/oibca.gob.ar\\\/main\\\/#organization\",\"name\":\"OIBCA\",\"url\":\"https:\\\/\\\/oibca.gob.ar\\\/main\\\/\",\"logo\":{\"@type\":\"ImageObject\",\"inLanguage\":\"es\",\"@id\":\"https:\\\/\\\/oibca.gob.ar\\\/main\\\/#\\\/schema\\\/logo\\\/image\\\/\",\"url\":\"https:\\\/\\\/oibca.gob.ar\\\/main\\\/wp-content\\\/uploads\\\/2022\\\/03\\\/logo-OIBCA.png\",\"contentUrl\":\"https:\\\/\\\/oibca.gob.ar\\\/main\\\/wp-content\\\/uploads\\\/2022\\\/03\\\/logo-OIBCA.png\",\"width\":262,\"height\":244,\"caption\":\"OIBCA\"},\"image\":{\"@id\":\"https:\\\/\\\/oibca.gob.ar\\\/main\\\/#\\\/schema\\\/logo\\\/image\\\/\"}},{\"@type\":\"Person\",\"@id\":\"https:\\\/\\\/oibca.gob.ar\\\/main\\\/#\\\/schema\\\/person\\\/1056d8678520282d647bac14db0a6500\",\"name\":\"c2351037\",\"image\":{\"@type\":\"ImageObject\",\"inLanguage\":\"es\",\"@id\":\"https:\\\/\\\/secure.gravatar.com\\\/avatar\\\/58ae59209614e7b73eb4cc76cc09ead151ab1c5db9b8df031c3781954a5d5647?s=96&d=mm&r=g\",\"url\":\"https:\\\/\\\/secure.gravatar.com\\\/avatar\\\/58ae59209614e7b73eb4cc76cc09ead151ab1c5db9b8df031c3781954a5d5647?s=96&d=mm&r=g\",\"contentUrl\":\"https:\\\/\\\/secure.gravatar.com\\\/avatar\\\/58ae59209614e7b73eb4cc76cc09ead151ab1c5db9b8df031c3781954a5d5647?s=96&d=mm&r=g\",\"caption\":\"c2351037\"},\"url\":\"https:\\\/\\\/oibca.gob.ar\\\/main\\\/author\\\/c2351037\\\/\"}]}<\/script>\n<!-- \/ Yoast SEO plugin. -->","yoast_head_json":{"title":"Charla sobre Tenencia Responsable de Mascotas - OIBCA","robots":{"index":"index","follow":"follow","max-snippet":"max-snippet:-1","max-image-preview":"max-image-preview:large","max-video-preview":"max-video-preview:-1"},"canonical":"https:\/\/oibca.gob.ar\/main\/charla-sobre-tenencia-responsable-de-mascotas-2\/","og_locale":"es_ES","og_type":"article","og_title":"Charla sobre Tenencia Responsable de Mascotas - OIBCA","og_description":"Hoy tempranito se realiz\u00f3 la charla abierta a todo p\u00fablico sobre tenencia responsable de mascotas en el Anfiteatro Municipal de Carnerillo. Adem\u00e1s, contamos con la asistencia especial del Centro Educativo San Jos\u00e9 de Calasanz. El objetivo es concientizar sobre la tenencia responsable de mascotas e invitar a toda la comunidad a la Jornada de Vacunaci\u00f3n [&hellip;]","og_url":"https:\/\/oibca.gob.ar\/main\/charla-sobre-tenencia-responsable-de-mascotas-2\/","og_site_name":"OIBCA","article_published_time":"2024-09-07T01:01:20+00:00","article_modified_time":"2024-09-17T01:06:38+00:00","og_image":[{"width":1080,"height":720,"url":"https:\/\/oibca.gob.ar\/main\/wp-content\/uploads\/2024\/09\/Charla-sobre-Tenencia-Responsable-de-Mascotas3.jpg","type":"image\/jpeg"}],"author":"c2351037","twitter_card":"summary_large_image","twitter_misc":{"Escrito por":"c2351037","Tiempo de lectura":"2 minutos"},"schema":{"@context":"https:\/\/schema.org","@graph":[{"@type":"Article","@id":"https:\/\/oibca.gob.ar\/main\/charla-sobre-tenencia-responsable-de-mascotas-2\/#article","isPartOf":{"@id":"https:\/\/oibca.gob.ar\/main\/charla-sobre-tenencia-responsable-de-mascotas-2\/"},"author":{"name":"c2351037","@id":"https:\/\/oibca.gob.ar\/main\/#\/schema\/person\/1056d8678520282d647bac14db0a6500"},"headline":"Charla sobre Tenencia Responsable de Mascotas","datePublished":"2024-09-07T01:01:20+00:00","dateModified":"2024-09-17T01:06:38+00:00","mainEntityOfPage":{"@id":"https:\/\/oibca.gob.ar\/main\/charla-sobre-tenencia-responsable-de-mascotas-2\/"},"wordCount":74,"publisher":{"@id":"https:\/\/oibca.gob.ar\/main\/#organization"},"image":{"@id":"https:\/\/oibca.gob.ar\/main\/charla-sobre-tenencia-responsable-de-mascotas-2\/#primaryimage"},"thumbnailUrl":"https:\/\/oibca.gob.ar\/main\/wp-content\/uploads\/2024\/09\/Charla-sobre-Tenencia-Responsable-de-Mascotas3.jpg","keywords":["capacitaci\u00f3n","Carnerillo","mascotas","tenencia responsable"],"articleSection":["Noticias"],"inLanguage":"es"},{"@type":"WebPage","@id":"https:\/\/oibca.gob.ar\/main\/charla-sobre-tenencia-responsable-de-mascotas-2\/","url":"https:\/\/oibca.gob.ar\/main\/charla-sobre-tenencia-responsable-de-mascotas-2\/","name":"Charla sobre Tenencia Responsable de Mascotas - OIBCA","isPartOf":{"@id":"https:\/\/oibca.gob.ar\/main\/#website"},"primaryImageOfPage":{"@id":"https:\/\/oibca.gob.ar\/main\/charla-sobre-tenencia-responsable-de-mascotas-2\/#primaryimage"},"image":{"@id":"https:\/\/oibca.gob.ar\/main\/charla-sobre-tenencia-responsable-de-mascotas-2\/#primaryimage"},"thumbnailUrl":"https:\/\/oibca.gob.ar\/main\/wp-content\/uploads\/2024\/09\/Charla-sobre-Tenencia-Responsable-de-Mascotas3.jpg","datePublished":"2024-09-07T01:01:20+00:00","dateModified":"2024-09-17T01:06:38+00:00","inLanguage":"es","potentialAction":[{"@type":"ReadAction","target":["https:\/\/oibca.gob.ar\/main\/charla-sobre-tenencia-responsable-de-mascotas-2\/"]}]},{"@type":"ImageObject","inLanguage":"es","@id":"https:\/\/oibca.gob.ar\/main\/charla-sobre-tenencia-responsable-de-mascotas-2\/#primaryimage","url":"https:\/\/oibca.gob.ar\/main\/wp-content\/uploads\/2024\/09\/Charla-sobre-Tenencia-Responsable-de-Mascotas3.jpg","contentUrl":"https:\/\/oibca.gob.ar\/main\/wp-content\/uploads\/2024\/09\/Charla-sobre-Tenencia-Responsable-de-Mascotas3.jpg","width":1080,"height":720,"caption":"Charla sobre Tenencia Responsable de Mascotas"},{"@type":"WebSite","@id":"https:\/\/oibca.gob.ar\/main\/#website","url":"https:\/\/oibca.gob.ar\/main\/","name":"OIBCA","description":"Organismo Intermunicipal de Bromatologia y Control Ambiental","publisher":{"@id":"https:\/\/oibca.gob.ar\/main\/#organization"},"potentialAction":[{"@type":"SearchAction","target":{"@type":"EntryPoint","urlTemplate":"https:\/\/oibca.gob.ar\/main\/?s={search_term_string}"},"query-input":{"@type":"PropertyValueSpecification","valueRequired":true,"valueName":"search_term_string"}}],"inLanguage":"es"},{"@type":"Organization","@id":"https:\/\/oibca.gob.ar\/main\/#organization","name":"OIBCA","url":"https:\/\/oibca.gob.ar\/main\/","logo":{"@type":"ImageObject","inLanguage":"es","@id":"https:\/\/oibca.gob.ar\/main\/#\/schema\/logo\/image\/","url":"https:\/\/oibca.gob.ar\/main\/wp-content\/uploads\/2022\/03\/logo-OIBCA.png","contentUrl":"https:\/\/oibca.gob.ar\/main\/wp-content\/uploads\/2022\/03\/logo-OIBCA.png","width":262,"height":244,"caption":"OIBCA"},"image":{"@id":"https:\/\/oibca.gob.ar\/main\/#\/schema\/logo\/image\/"}},{"@type":"Person","@id":"https:\/\/oibca.gob.ar\/main\/#\/schema\/person\/1056d8678520282d647bac14db0a6500","name":"c2351037","image":{"@type":"ImageObject","inLanguage":"es","@id":"https:\/\/secure.gravatar.com\/avatar\/58ae59209614e7b73eb4cc76cc09ead151ab1c5db9b8df031c3781954a5d5647?s=96&d=mm&r=g","url":"https:\/\/secure.gravatar.com\/avatar\/58ae59209614e7b73eb4cc76cc09ead151ab1c5db9b8df031c3781954a5d5647?s=96&d=mm&r=g","contentUrl":"https:\/\/secure.gravatar.com\/avatar\/58ae59209614e7b73eb4cc76cc09ead151ab1c5db9b8df031c3781954a5d5647?s=96&d=mm&r=g","caption":"c2351037"},"url":"https:\/\/oibca.gob.ar\/main\/author\/c2351037\/"}]}},"_links":{"self":[{"href":"https:\/\/oibca.gob.ar\/main\/wp-json\/wp\/v2\/posts\/1164","targetHints":{"allow":["GET"]}}],"collection":[{"href":"https:\/\/oibca.gob.ar\/main\/wp-json\/wp\/v2\/posts"}],"about":[{"href":"https:\/\/oibca.gob.ar\/main\/wp-json\/wp\/v2\/types\/post"}],"author":[{"embeddable":true,"href":"https:\/\/oibca.gob.ar\/main\/wp-json\/wp\/v2\/users\/2"}],"replies":[{"embeddable":true,"href":"https:\/\/oibca.gob.ar\/main\/wp-json\/wp\/v2\/comments?post=1164"}],"version-history":[{"count":1,"href":"https:\/\/oibca.gob.ar\/main\/wp-json\/wp\/v2\/posts\/1164\/revisions"}],"predecessor-version":[{"id":1168,"href":"https:\/\/oibca.gob.ar\/main\/wp-json\/wp\/v2\/posts\/1164\/revisions\/1168"}],"wp:featuredmedia":[{"embeddable":true,"href":"https:\/\/oibca.gob.ar\/main\/wp-json\/wp\/v2\/media\/1165"}],"wp:attachment":[{"href":"https:\/\/oibca.gob.ar\/main\/wp-json\/wp\/v2\/media?parent=1164"}],"wp:term":[{"taxonomy":"category","embeddable":true,"href":"https:\/\/oibca.gob.ar\/main\/wp-json\/wp\/v2\/categories?post=1164"},{"taxonomy":"post_tag","embeddable":true,"href":"https:\/\/oibca.gob.ar\/main\/wp-json\/wp\/v2\/tags?post=1164"}],"curies":[{"name":"wp","href":"https:\/\/api.w.org\/{rel}","templated":true}]}}