{"id":1169,"date":"2024-09-06T22:07:18","date_gmt":"2024-09-07T01:07:18","guid":{"rendered":"https:\/\/oibca.gob.ar\/main\/?p=1169"},"modified":"2024-09-16T22:13:38","modified_gmt":"2024-09-17T01:13:38","slug":"seguimos-con-la-difusion-de-la-campana-de-vacunacion-antirrabica","status":"publish","type":"post","link":"https:\/\/oibca.gob.ar\/main\/seguimos-con-la-difusion-de-la-campana-de-vacunacion-antirrabica\/","title":{"rendered":"Seguimos con la difusi\u00f3n de la campa\u00f1a de vacunaci\u00f3n antirr\u00e1bica!"},"content":{"rendered":"\n<figure class=\"wp-block-image size-large\"><a href=\"https:\/\/oibca.gob.ar\/main\/wp-content\/uploads\/2024\/09\/Seguimos-con-la-difusion-de-la-campana-de-vacunacion-antirrabica1.jpg\"><img fetchpriority=\"high\" decoding=\"async\" width=\"1024\" height=\"682\" src=\"https:\/\/oibca.gob.ar\/main\/wp-content\/uploads\/2024\/09\/Seguimos-con-la-difusion-de-la-campana-de-vacunacion-antirrabica1-1024x682.jpg\" alt=\"\" class=\"wp-image-1170\" srcset=\"https:\/\/oibca.gob.ar\/main\/wp-content\/uploads\/2024\/09\/Seguimos-con-la-difusion-de-la-campana-de-vacunacion-antirrabica1-1024x682.jpg 1024w, https:\/\/oibca.gob.ar\/main\/wp-content\/uploads\/2024\/09\/Seguimos-con-la-difusion-de-la-campana-de-vacunacion-antirrabica1-300x200.jpg 300w, https:\/\/oibca.gob.ar\/main\/wp-content\/uploads\/2024\/09\/Seguimos-con-la-difusion-de-la-campana-de-vacunacion-antirrabica1-768x512.jpg 768w, https:\/\/oibca.gob.ar\/main\/wp-content\/uploads\/2024\/09\/Seguimos-con-la-difusion-de-la-campana-de-vacunacion-antirrabica1.jpg 1181w\" sizes=\"(max-width: 1024px) 100vw, 1024px\" \/><\/a><\/figure>\n\n\n\n<p>En esta oportunidad visitamos los centros educativos Jer\u00f3nimo Luis de Cabrera, Emilio F. Olmos, Jos\u00e9 Mar\u00eda Paz y Fray P\u00edo Bentivoglio de General Cabrera.<\/p>\n\n\n\n<p>Estuvimos conversando sobre la tenencia responsable de mascotas e invitamos a toda la comunidad a participar de la jornada de vacunaci\u00f3n antirr\u00e1bica que se desarrolla el s\u00e1bado 07 de septiembre en diferentes puntos de la ciudad.<\/p>\n\n\n\n<p>Gracias por recibirnos!!<\/p>\n\n\n\n<figure class=\"wp-block-gallery has-nested-images columns-default is-cropped wp-block-gallery-1 is-layout-flex wp-block-gallery-is-layout-flex\">\n<figure class=\"wp-block-image size-large\"><a href=\"https:\/\/oibca.gob.ar\/main\/wp-content\/uploads\/2024\/09\/Seguimos-con-la-difusion-de-la-campana-de-vacunacion-antirrabica2.jpg\"><img decoding=\"async\" width=\"1024\" height=\"683\" data-id=\"1171\" src=\"https:\/\/oibca.gob.ar\/main\/wp-content\/uploads\/2024\/09\/Seguimos-con-la-difusion-de-la-campana-de-vacunacion-antirrabica2-1024x683.jpg\" alt=\"\" class=\"wp-image-1171\" srcset=\"https:\/\/oibca.gob.ar\/main\/wp-content\/uploads\/2024\/09\/Seguimos-con-la-difusion-de-la-campana-de-vacunacion-antirrabica2-1024x683.jpg 1024w, https:\/\/oibca.gob.ar\/main\/wp-content\/uploads\/2024\/09\/Seguimos-con-la-difusion-de-la-campana-de-vacunacion-antirrabica2-300x200.jpg 300w, https:\/\/oibca.gob.ar\/main\/wp-content\/uploads\/2024\/09\/Seguimos-con-la-difusion-de-la-campana-de-vacunacion-antirrabica2-768x512.jpg 768w, https:\/\/oibca.gob.ar\/main\/wp-content\/uploads\/2024\/09\/Seguimos-con-la-difusion-de-la-campana-de-vacunacion-antirrabica2.jpg 1189w\" sizes=\"(max-width: 1024px) 100vw, 1024px\" \/><\/a><\/figure>\n\n\n\n<figure class=\"wp-block-image size-large\"><a href=\"https:\/\/oibca.gob.ar\/main\/wp-content\/uploads\/2024\/09\/Seguimos-con-la-difusion-de-la-campana-de-vacunacion-antirrabica3.jpg\"><img decoding=\"async\" width=\"1024\" height=\"683\" data-id=\"1172\" src=\"https:\/\/oibca.gob.ar\/main\/wp-content\/uploads\/2024\/09\/Seguimos-con-la-difusion-de-la-campana-de-vacunacion-antirrabica3-1024x683.jpg\" alt=\"\" class=\"wp-image-1172\" srcset=\"https:\/\/oibca.gob.ar\/main\/wp-content\/uploads\/2024\/09\/Seguimos-con-la-difusion-de-la-campana-de-vacunacion-antirrabica3-1024x683.jpg 1024w, https:\/\/oibca.gob.ar\/main\/wp-content\/uploads\/2024\/09\/Seguimos-con-la-difusion-de-la-campana-de-vacunacion-antirrabica3-300x200.jpg 300w, https:\/\/oibca.gob.ar\/main\/wp-content\/uploads\/2024\/09\/Seguimos-con-la-difusion-de-la-campana-de-vacunacion-antirrabica3-768x512.jpg 768w, https:\/\/oibca.gob.ar\/main\/wp-content\/uploads\/2024\/09\/Seguimos-con-la-difusion-de-la-campana-de-vacunacion-antirrabica3.jpg 1200w\" sizes=\"(max-width: 1024px) 100vw, 1024px\" \/><\/a><\/figure>\n\n\n\n<figure class=\"wp-block-image size-large\"><a href=\"https:\/\/oibca.gob.ar\/main\/wp-content\/uploads\/2024\/09\/Seguimos-con-la-difusion-de-la-campana-de-vacunacion-antirrabica4.jpg\"><img loading=\"lazy\" decoding=\"async\" width=\"1024\" height=\"819\" data-id=\"1173\" src=\"https:\/\/oibca.gob.ar\/main\/wp-content\/uploads\/2024\/09\/Seguimos-con-la-difusion-de-la-campana-de-vacunacion-antirrabica4-1024x819.jpg\" alt=\"\" class=\"wp-image-1173\" srcset=\"https:\/\/oibca.gob.ar\/main\/wp-content\/uploads\/2024\/09\/Seguimos-con-la-difusion-de-la-campana-de-vacunacion-antirrabica4-1024x819.jpg 1024w, https:\/\/oibca.gob.ar\/main\/wp-content\/uploads\/2024\/09\/Seguimos-con-la-difusion-de-la-campana-de-vacunacion-antirrabica4-300x240.jpg 300w, https:\/\/oibca.gob.ar\/main\/wp-content\/uploads\/2024\/09\/Seguimos-con-la-difusion-de-la-campana-de-vacunacion-antirrabica4-768x614.jpg 768w, https:\/\/oibca.gob.ar\/main\/wp-content\/uploads\/2024\/09\/Seguimos-con-la-difusion-de-la-campana-de-vacunacion-antirrabica4.jpg 1185w\" sizes=\"(max-width: 1024px) 100vw, 1024px\" \/><\/a><\/figure>\n\n\n\n<figure class=\"wp-block-image size-large\"><a href=\"https:\/\/oibca.gob.ar\/main\/wp-content\/uploads\/2024\/09\/Seguimos-con-la-difusion-de-la-campana-de-vacunacion-antirrabica5.jpg\"><img loading=\"lazy\" decoding=\"async\" width=\"1024\" height=\"820\" data-id=\"1174\" src=\"https:\/\/oibca.gob.ar\/main\/wp-content\/uploads\/2024\/09\/Seguimos-con-la-difusion-de-la-campana-de-vacunacion-antirrabica5-1024x820.jpg\" alt=\"\" class=\"wp-image-1174\" srcset=\"https:\/\/oibca.gob.ar\/main\/wp-content\/uploads\/2024\/09\/Seguimos-con-la-difusion-de-la-campana-de-vacunacion-antirrabica5-1024x820.jpg 1024w, https:\/\/oibca.gob.ar\/main\/wp-content\/uploads\/2024\/09\/Seguimos-con-la-difusion-de-la-campana-de-vacunacion-antirrabica5-300x240.jpg 300w, https:\/\/oibca.gob.ar\/main\/wp-content\/uploads\/2024\/09\/Seguimos-con-la-difusion-de-la-campana-de-vacunacion-antirrabica5-768x615.jpg 768w, https:\/\/oibca.gob.ar\/main\/wp-content\/uploads\/2024\/09\/Seguimos-con-la-difusion-de-la-campana-de-vacunacion-antirrabica5.jpg 1182w\" sizes=\"(max-width: 1024px) 100vw, 1024px\" \/><\/a><\/figure>\n\n\n\n<figure class=\"wp-block-image size-large\"><a href=\"https:\/\/oibca.gob.ar\/main\/wp-content\/uploads\/2024\/09\/Seguimos-con-la-difusion-de-la-campana-de-vacunacion-antirrabica6.jpg\"><img loading=\"lazy\" decoding=\"async\" width=\"1024\" height=\"683\" data-id=\"1175\" src=\"https:\/\/oibca.gob.ar\/main\/wp-content\/uploads\/2024\/09\/Seguimos-con-la-difusion-de-la-campana-de-vacunacion-antirrabica6-1024x683.jpg\" alt=\"\" class=\"wp-image-1175\" srcset=\"https:\/\/oibca.gob.ar\/main\/wp-content\/uploads\/2024\/09\/Seguimos-con-la-difusion-de-la-campana-de-vacunacion-antirrabica6-1024x683.jpg 1024w, https:\/\/oibca.gob.ar\/main\/wp-content\/uploads\/2024\/09\/Seguimos-con-la-difusion-de-la-campana-de-vacunacion-antirrabica6-300x200.jpg 300w, https:\/\/oibca.gob.ar\/main\/wp-content\/uploads\/2024\/09\/Seguimos-con-la-difusion-de-la-campana-de-vacunacion-antirrabica6-768x512.jpg 768w, https:\/\/oibca.gob.ar\/main\/wp-content\/uploads\/2024\/09\/Seguimos-con-la-difusion-de-la-campana-de-vacunacion-antirrabica6.jpg 1156w\" sizes=\"(max-width: 1024px) 100vw, 1024px\" \/><\/a><\/figure>\n<\/figure>\n","protected":false},"excerpt":{"rendered":"<p>En esta oportunidad visitamos los centros educativos Jer\u00f3nimo Luis de Cabrera, Emilio F. Olmos, Jos\u00e9 Mar\u00eda Paz y Fray P\u00edo Bentivoglio de General Cabrera.<\/p>\n","protected":false},"author":2,"featured_media":1170,"comment_status":"open","ping_status":"open","sticky":false,"template":"","format":"standard","meta":{"site-sidebar-layout":"default","site-content-layout":"","ast-site-content-layout":"default","site-content-style":"default","site-sidebar-style":"default","ast-global-header-display":"","ast-banner-title-visibility":"","ast-main-header-display":"","ast-hfb-above-header-display":"","ast-hfb-below-header-display":"","ast-hfb-mobile-header-display":"","site-post-title":"","ast-breadcrumbs-content":"","ast-featured-img":"disabled","footer-sml-layout":"","ast-disable-related-posts":"","theme-transparent-header-meta":"","adv-header-id-meta":"","stick-header-meta":"","header-above-stick-meta":"","header-main-stick-meta":"","header-below-stick-meta":"","astra-migrate-meta-layouts":"set","ast-page-background-enabled":"default","ast-page-background-meta":{"desktop":{"background-color":"var(--ast-global-color-4)","background-image":"","background-repeat":"repeat","background-position":"center center","background-size":"auto","background-attachment":"scroll","background-type":"","background-media":"","overlay-type":"","overlay-color":"","overlay-opacity":"","overlay-gradient":""},"tablet":{"background-color":"","background-image":"","background-repeat":"repeat","background-position":"center center","background-size":"auto","background-attachment":"scroll","background-type":"","background-media":"","overlay-type":"","overlay-color":"","overlay-opacity":"","overlay-gradient":""},"mobile":{"background-color":"","background-image":"","background-repeat":"repeat","background-position":"center center","background-size":"auto","background-attachment":"scroll","background-type":"","background-media":"","overlay-type":"","overlay-color":"","overlay-opacity":"","overlay-gradient":""}},"ast-content-background-meta":{"desktop":{"background-color":"var(--ast-global-color-5)","background-image":"","background-repeat":"repeat","background-position":"center center","background-size":"auto","background-attachment":"scroll","background-type":"","background-media":"","overlay-type":"","overlay-color":"","overlay-opacity":"","overlay-gradient":""},"tablet":{"background-color":"var(--ast-global-color-5)","background-image":"","background-repeat":"repeat","background-position":"center center","background-size":"auto","background-attachment":"scroll","background-type":"","background-media":"","overlay-type":"","overlay-color":"","overlay-opacity":"","overlay-gradient":""},"mobile":{"background-color":"var(--ast-global-color-5)","background-image":"","background-repeat":"repeat","background-position":"center center","background-size":"auto","background-attachment":"scroll","background-type":"","background-media":"","overlay-type":"","overlay-color":"","overlay-opacity":"","overlay-gradient":""}},"footnotes":""},"categories":[7],"tags":[4,27,13,14],"class_list":["post-1169","post","type-post","status-publish","format-standard","has-post-thumbnail","hentry","category-noticias","tag-capacitacion","tag-general-cabrera","tag-mascotas","tag-tenencia-responsable"],"yoast_head":"<!-- This site is optimized with the Yoast SEO plugin v27.4 - https:\/\/yoast.com\/product\/yoast-seo-wordpress\/ -->\n<title>Seguimos con la difusi\u00f3n de la campa\u00f1a de vacunaci\u00f3n antirr\u00e1bica! - OIBCA<\/title>\n<meta name=\"robots\" content=\"index, follow, max-snippet:-1, max-image-preview:large, max-video-preview:-1\" \/>\n<link rel=\"canonical\" href=\"https:\/\/oibca.gob.ar\/main\/seguimos-con-la-difusion-de-la-campana-de-vacunacion-antirrabica\/\" \/>\n<meta property=\"og:locale\" content=\"es_ES\" \/>\n<meta property=\"og:type\" content=\"article\" \/>\n<meta property=\"og:title\" content=\"Seguimos con la difusi\u00f3n de la campa\u00f1a de vacunaci\u00f3n antirr\u00e1bica! - OIBCA\" \/>\n<meta property=\"og:description\" content=\"En esta oportunidad visitamos los centros educativos Jer\u00f3nimo Luis de Cabrera, Emilio F. Olmos, Jos\u00e9 Mar\u00eda Paz y Fray P\u00edo Bentivoglio de General Cabrera.\" \/>\n<meta property=\"og:url\" content=\"https:\/\/oibca.gob.ar\/main\/seguimos-con-la-difusion-de-la-campana-de-vacunacion-antirrabica\/\" \/>\n<meta property=\"og:site_name\" content=\"OIBCA\" \/>\n<meta property=\"article:published_time\" content=\"2024-09-07T01:07:18+00:00\" \/>\n<meta property=\"article:modified_time\" content=\"2024-09-17T01:13:38+00:00\" \/>\n<meta property=\"og:image\" content=\"https:\/\/oibca.gob.ar\/main\/wp-content\/uploads\/2024\/09\/Seguimos-con-la-difusion-de-la-campana-de-vacunacion-antirrabica1.jpg\" \/>\n\t<meta property=\"og:image:width\" content=\"1181\" \/>\n\t<meta property=\"og:image:height\" content=\"787\" \/>\n\t<meta property=\"og:image:type\" content=\"image\/jpeg\" \/>\n<meta name=\"author\" content=\"c2351037\" \/>\n<meta name=\"twitter:card\" content=\"summary_large_image\" \/>\n<meta name=\"twitter:label1\" content=\"Escrito por\" \/>\n\t<meta name=\"twitter:data1\" content=\"c2351037\" \/>\n\t<meta name=\"twitter:label2\" content=\"Tiempo de lectura\" \/>\n\t<meta name=\"twitter:data2\" content=\"2 minutos\" \/>\n<script type=\"application\/ld+json\" class=\"yoast-schema-graph\">{\"@context\":\"https:\\\/\\\/schema.org\",\"@graph\":[{\"@type\":\"Article\",\"@id\":\"https:\\\/\\\/oibca.gob.ar\\\/main\\\/seguimos-con-la-difusion-de-la-campana-de-vacunacion-antirrabica\\\/#article\",\"isPartOf\":{\"@id\":\"https:\\\/\\\/oibca.gob.ar\\\/main\\\/seguimos-con-la-difusion-de-la-campana-de-vacunacion-antirrabica\\\/\"},\"author\":{\"name\":\"c2351037\",\"@id\":\"https:\\\/\\\/oibca.gob.ar\\\/main\\\/#\\\/schema\\\/person\\\/1056d8678520282d647bac14db0a6500\"},\"headline\":\"Seguimos con la difusi\u00f3n de la campa\u00f1a de vacunaci\u00f3n antirr\u00e1bica!\",\"datePublished\":\"2024-09-07T01:07:18+00:00\",\"dateModified\":\"2024-09-17T01:13:38+00:00\",\"mainEntityOfPage\":{\"@id\":\"https:\\\/\\\/oibca.gob.ar\\\/main\\\/seguimos-con-la-difusion-de-la-campana-de-vacunacion-antirrabica\\\/\"},\"wordCount\":82,\"commentCount\":0,\"publisher\":{\"@id\":\"https:\\\/\\\/oibca.gob.ar\\\/main\\\/#organization\"},\"image\":{\"@id\":\"https:\\\/\\\/oibca.gob.ar\\\/main\\\/seguimos-con-la-difusion-de-la-campana-de-vacunacion-antirrabica\\\/#primaryimage\"},\"thumbnailUrl\":\"https:\\\/\\\/oibca.gob.ar\\\/main\\\/wp-content\\\/uploads\\\/2024\\\/09\\\/Seguimos-con-la-difusion-de-la-campana-de-vacunacion-antirrabica1.jpg\",\"keywords\":[\"capacitaci\u00f3n\",\"General Cabrera\",\"mascotas\",\"tenencia responsable\"],\"articleSection\":[\"Noticias\"],\"inLanguage\":\"es\",\"potentialAction\":[{\"@type\":\"CommentAction\",\"name\":\"Comment\",\"target\":[\"https:\\\/\\\/oibca.gob.ar\\\/main\\\/seguimos-con-la-difusion-de-la-campana-de-vacunacion-antirrabica\\\/#respond\"]}]},{\"@type\":\"WebPage\",\"@id\":\"https:\\\/\\\/oibca.gob.ar\\\/main\\\/seguimos-con-la-difusion-de-la-campana-de-vacunacion-antirrabica\\\/\",\"url\":\"https:\\\/\\\/oibca.gob.ar\\\/main\\\/seguimos-con-la-difusion-de-la-campana-de-vacunacion-antirrabica\\\/\",\"name\":\"Seguimos con la difusi\u00f3n de la campa\u00f1a de vacunaci\u00f3n antirr\u00e1bica! - OIBCA\",\"isPartOf\":{\"@id\":\"https:\\\/\\\/oibca.gob.ar\\\/main\\\/#website\"},\"primaryImageOfPage\":{\"@id\":\"https:\\\/\\\/oibca.gob.ar\\\/main\\\/seguimos-con-la-difusion-de-la-campana-de-vacunacion-antirrabica\\\/#primaryimage\"},\"image\":{\"@id\":\"https:\\\/\\\/oibca.gob.ar\\\/main\\\/seguimos-con-la-difusion-de-la-campana-de-vacunacion-antirrabica\\\/#primaryimage\"},\"thumbnailUrl\":\"https:\\\/\\\/oibca.gob.ar\\\/main\\\/wp-content\\\/uploads\\\/2024\\\/09\\\/Seguimos-con-la-difusion-de-la-campana-de-vacunacion-antirrabica1.jpg\",\"datePublished\":\"2024-09-07T01:07:18+00:00\",\"dateModified\":\"2024-09-17T01:13:38+00:00\",\"inLanguage\":\"es\",\"potentialAction\":[{\"@type\":\"ReadAction\",\"target\":[\"https:\\\/\\\/oibca.gob.ar\\\/main\\\/seguimos-con-la-difusion-de-la-campana-de-vacunacion-antirrabica\\\/\"]}]},{\"@type\":\"ImageObject\",\"inLanguage\":\"es\",\"@id\":\"https:\\\/\\\/oibca.gob.ar\\\/main\\\/seguimos-con-la-difusion-de-la-campana-de-vacunacion-antirrabica\\\/#primaryimage\",\"url\":\"https:\\\/\\\/oibca.gob.ar\\\/main\\\/wp-content\\\/uploads\\\/2024\\\/09\\\/Seguimos-con-la-difusion-de-la-campana-de-vacunacion-antirrabica1.jpg\",\"contentUrl\":\"https:\\\/\\\/oibca.gob.ar\\\/main\\\/wp-content\\\/uploads\\\/2024\\\/09\\\/Seguimos-con-la-difusion-de-la-campana-de-vacunacion-antirrabica1.jpg\",\"width\":1181,\"height\":787},{\"@type\":\"WebSite\",\"@id\":\"https:\\\/\\\/oibca.gob.ar\\\/main\\\/#website\",\"url\":\"https:\\\/\\\/oibca.gob.ar\\\/main\\\/\",\"name\":\"OIBCA\",\"description\":\"Organismo Intermunicipal de Bromatologia y Control Ambiental\",\"publisher\":{\"@id\":\"https:\\\/\\\/oibca.gob.ar\\\/main\\\/#organization\"},\"potentialAction\":[{\"@type\":\"SearchAction\",\"target\":{\"@type\":\"EntryPoint\",\"urlTemplate\":\"https:\\\/\\\/oibca.gob.ar\\\/main\\\/?s={search_term_string}\"},\"query-input\":{\"@type\":\"PropertyValueSpecification\",\"valueRequired\":true,\"valueName\":\"search_term_string\"}}],\"inLanguage\":\"es\"},{\"@type\":\"Organization\",\"@id\":\"https:\\\/\\\/oibca.gob.ar\\\/main\\\/#organization\",\"name\":\"OIBCA\",\"url\":\"https:\\\/\\\/oibca.gob.ar\\\/main\\\/\",\"logo\":{\"@type\":\"ImageObject\",\"inLanguage\":\"es\",\"@id\":\"https:\\\/\\\/oibca.gob.ar\\\/main\\\/#\\\/schema\\\/logo\\\/image\\\/\",\"url\":\"https:\\\/\\\/oibca.gob.ar\\\/main\\\/wp-content\\\/uploads\\\/2022\\\/03\\\/logo-OIBCA.png\",\"contentUrl\":\"https:\\\/\\\/oibca.gob.ar\\\/main\\\/wp-content\\\/uploads\\\/2022\\\/03\\\/logo-OIBCA.png\",\"width\":262,\"height\":244,\"caption\":\"OIBCA\"},\"image\":{\"@id\":\"https:\\\/\\\/oibca.gob.ar\\\/main\\\/#\\\/schema\\\/logo\\\/image\\\/\"}},{\"@type\":\"Person\",\"@id\":\"https:\\\/\\\/oibca.gob.ar\\\/main\\\/#\\\/schema\\\/person\\\/1056d8678520282d647bac14db0a6500\",\"name\":\"c2351037\",\"image\":{\"@type\":\"ImageObject\",\"inLanguage\":\"es\",\"@id\":\"https:\\\/\\\/secure.gravatar.com\\\/avatar\\\/58ae59209614e7b73eb4cc76cc09ead151ab1c5db9b8df031c3781954a5d5647?s=96&d=mm&r=g\",\"url\":\"https:\\\/\\\/secure.gravatar.com\\\/avatar\\\/58ae59209614e7b73eb4cc76cc09ead151ab1c5db9b8df031c3781954a5d5647?s=96&d=mm&r=g\",\"contentUrl\":\"https:\\\/\\\/secure.gravatar.com\\\/avatar\\\/58ae59209614e7b73eb4cc76cc09ead151ab1c5db9b8df031c3781954a5d5647?s=96&d=mm&r=g\",\"caption\":\"c2351037\"},\"url\":\"https:\\\/\\\/oibca.gob.ar\\\/main\\\/author\\\/c2351037\\\/\"}]}<\/script>\n<!-- \/ Yoast SEO plugin. -->","yoast_head_json":{"title":"Seguimos con la difusi\u00f3n de la campa\u00f1a de vacunaci\u00f3n antirr\u00e1bica! - OIBCA","robots":{"index":"index","follow":"follow","max-snippet":"max-snippet:-1","max-image-preview":"max-image-preview:large","max-video-preview":"max-video-preview:-1"},"canonical":"https:\/\/oibca.gob.ar\/main\/seguimos-con-la-difusion-de-la-campana-de-vacunacion-antirrabica\/","og_locale":"es_ES","og_type":"article","og_title":"Seguimos con la difusi\u00f3n de la campa\u00f1a de vacunaci\u00f3n antirr\u00e1bica! - OIBCA","og_description":"En esta oportunidad visitamos los centros educativos Jer\u00f3nimo Luis de Cabrera, Emilio F. Olmos, Jos\u00e9 Mar\u00eda Paz y Fray P\u00edo Bentivoglio de General Cabrera.","og_url":"https:\/\/oibca.gob.ar\/main\/seguimos-con-la-difusion-de-la-campana-de-vacunacion-antirrabica\/","og_site_name":"OIBCA","article_published_time":"2024-09-07T01:07:18+00:00","article_modified_time":"2024-09-17T01:13:38+00:00","og_image":[{"width":1181,"height":787,"url":"https:\/\/oibca.gob.ar\/main\/wp-content\/uploads\/2024\/09\/Seguimos-con-la-difusion-de-la-campana-de-vacunacion-antirrabica1.jpg","type":"image\/jpeg"}],"author":"c2351037","twitter_card":"summary_large_image","twitter_misc":{"Escrito por":"c2351037","Tiempo de lectura":"2 minutos"},"schema":{"@context":"https:\/\/schema.org","@graph":[{"@type":"Article","@id":"https:\/\/oibca.gob.ar\/main\/seguimos-con-la-difusion-de-la-campana-de-vacunacion-antirrabica\/#article","isPartOf":{"@id":"https:\/\/oibca.gob.ar\/main\/seguimos-con-la-difusion-de-la-campana-de-vacunacion-antirrabica\/"},"author":{"name":"c2351037","@id":"https:\/\/oibca.gob.ar\/main\/#\/schema\/person\/1056d8678520282d647bac14db0a6500"},"headline":"Seguimos con la difusi\u00f3n de la campa\u00f1a de vacunaci\u00f3n antirr\u00e1bica!","datePublished":"2024-09-07T01:07:18+00:00","dateModified":"2024-09-17T01:13:38+00:00","mainEntityOfPage":{"@id":"https:\/\/oibca.gob.ar\/main\/seguimos-con-la-difusion-de-la-campana-de-vacunacion-antirrabica\/"},"wordCount":82,"commentCount":0,"publisher":{"@id":"https:\/\/oibca.gob.ar\/main\/#organization"},"image":{"@id":"https:\/\/oibca.gob.ar\/main\/seguimos-con-la-difusion-de-la-campana-de-vacunacion-antirrabica\/#primaryimage"},"thumbnailUrl":"https:\/\/oibca.gob.ar\/main\/wp-content\/uploads\/2024\/09\/Seguimos-con-la-difusion-de-la-campana-de-vacunacion-antirrabica1.jpg","keywords":["capacitaci\u00f3n","General Cabrera","mascotas","tenencia responsable"],"articleSection":["Noticias"],"inLanguage":"es","potentialAction":[{"@type":"CommentAction","name":"Comment","target":["https:\/\/oibca.gob.ar\/main\/seguimos-con-la-difusion-de-la-campana-de-vacunacion-antirrabica\/#respond"]}]},{"@type":"WebPage","@id":"https:\/\/oibca.gob.ar\/main\/seguimos-con-la-difusion-de-la-campana-de-vacunacion-antirrabica\/","url":"https:\/\/oibca.gob.ar\/main\/seguimos-con-la-difusion-de-la-campana-de-vacunacion-antirrabica\/","name":"Seguimos con la difusi\u00f3n de la campa\u00f1a de vacunaci\u00f3n antirr\u00e1bica! - OIBCA","isPartOf":{"@id":"https:\/\/oibca.gob.ar\/main\/#website"},"primaryImageOfPage":{"@id":"https:\/\/oibca.gob.ar\/main\/seguimos-con-la-difusion-de-la-campana-de-vacunacion-antirrabica\/#primaryimage"},"image":{"@id":"https:\/\/oibca.gob.ar\/main\/seguimos-con-la-difusion-de-la-campana-de-vacunacion-antirrabica\/#primaryimage"},"thumbnailUrl":"https:\/\/oibca.gob.ar\/main\/wp-content\/uploads\/2024\/09\/Seguimos-con-la-difusion-de-la-campana-de-vacunacion-antirrabica1.jpg","datePublished":"2024-09-07T01:07:18+00:00","dateModified":"2024-09-17T01:13:38+00:00","inLanguage":"es","potentialAction":[{"@type":"ReadAction","target":["https:\/\/oibca.gob.ar\/main\/seguimos-con-la-difusion-de-la-campana-de-vacunacion-antirrabica\/"]}]},{"@type":"ImageObject","inLanguage":"es","@id":"https:\/\/oibca.gob.ar\/main\/seguimos-con-la-difusion-de-la-campana-de-vacunacion-antirrabica\/#primaryimage","url":"https:\/\/oibca.gob.ar\/main\/wp-content\/uploads\/2024\/09\/Seguimos-con-la-difusion-de-la-campana-de-vacunacion-antirrabica1.jpg","contentUrl":"https:\/\/oibca.gob.ar\/main\/wp-content\/uploads\/2024\/09\/Seguimos-con-la-difusion-de-la-campana-de-vacunacion-antirrabica1.jpg","width":1181,"height":787},{"@type":"WebSite","@id":"https:\/\/oibca.gob.ar\/main\/#website","url":"https:\/\/oibca.gob.ar\/main\/","name":"OIBCA","description":"Organismo Intermunicipal de Bromatologia y Control Ambiental","publisher":{"@id":"https:\/\/oibca.gob.ar\/main\/#organization"},"potentialAction":[{"@type":"SearchAction","target":{"@type":"EntryPoint","urlTemplate":"https:\/\/oibca.gob.ar\/main\/?s={search_term_string}"},"query-input":{"@type":"PropertyValueSpecification","valueRequired":true,"valueName":"search_term_string"}}],"inLanguage":"es"},{"@type":"Organization","@id":"https:\/\/oibca.gob.ar\/main\/#organization","name":"OIBCA","url":"https:\/\/oibca.gob.ar\/main\/","logo":{"@type":"ImageObject","inLanguage":"es","@id":"https:\/\/oibca.gob.ar\/main\/#\/schema\/logo\/image\/","url":"https:\/\/oibca.gob.ar\/main\/wp-content\/uploads\/2022\/03\/logo-OIBCA.png","contentUrl":"https:\/\/oibca.gob.ar\/main\/wp-content\/uploads\/2022\/03\/logo-OIBCA.png","width":262,"height":244,"caption":"OIBCA"},"image":{"@id":"https:\/\/oibca.gob.ar\/main\/#\/schema\/logo\/image\/"}},{"@type":"Person","@id":"https:\/\/oibca.gob.ar\/main\/#\/schema\/person\/1056d8678520282d647bac14db0a6500","name":"c2351037","image":{"@type":"ImageObject","inLanguage":"es","@id":"https:\/\/secure.gravatar.com\/avatar\/58ae59209614e7b73eb4cc76cc09ead151ab1c5db9b8df031c3781954a5d5647?s=96&d=mm&r=g","url":"https:\/\/secure.gravatar.com\/avatar\/58ae59209614e7b73eb4cc76cc09ead151ab1c5db9b8df031c3781954a5d5647?s=96&d=mm&r=g","contentUrl":"https:\/\/secure.gravatar.com\/avatar\/58ae59209614e7b73eb4cc76cc09ead151ab1c5db9b8df031c3781954a5d5647?s=96&d=mm&r=g","caption":"c2351037"},"url":"https:\/\/oibca.gob.ar\/main\/author\/c2351037\/"}]}},"_links":{"self":[{"href":"https:\/\/oibca.gob.ar\/main\/wp-json\/wp\/v2\/posts\/1169","targetHints":{"allow":["GET"]}}],"collection":[{"href":"https:\/\/oibca.gob.ar\/main\/wp-json\/wp\/v2\/posts"}],"about":[{"href":"https:\/\/oibca.gob.ar\/main\/wp-json\/wp\/v2\/types\/post"}],"author":[{"embeddable":true,"href":"https:\/\/oibca.gob.ar\/main\/wp-json\/wp\/v2\/users\/2"}],"replies":[{"embeddable":true,"href":"https:\/\/oibca.gob.ar\/main\/wp-json\/wp\/v2\/comments?post=1169"}],"version-history":[{"count":1,"href":"https:\/\/oibca.gob.ar\/main\/wp-json\/wp\/v2\/posts\/1169\/revisions"}],"predecessor-version":[{"id":1176,"href":"https:\/\/oibca.gob.ar\/main\/wp-json\/wp\/v2\/posts\/1169\/revisions\/1176"}],"wp:featuredmedia":[{"embeddable":true,"href":"https:\/\/oibca.gob.ar\/main\/wp-json\/wp\/v2\/media\/1170"}],"wp:attachment":[{"href":"https:\/\/oibca.gob.ar\/main\/wp-json\/wp\/v2\/media?parent=1169"}],"wp:term":[{"taxonomy":"category","embeddable":true,"href":"https:\/\/oibca.gob.ar\/main\/wp-json\/wp\/v2\/categories?post=1169"},{"taxonomy":"post_tag","embeddable":true,"href":"https:\/\/oibca.gob.ar\/main\/wp-json\/wp\/v2\/tags?post=1169"}],"curies":[{"name":"wp","href":"https:\/\/api.w.org\/{rel}","templated":true}]}}