{"id":1188,"date":"2024-10-04T15:39:00","date_gmt":"2024-10-04T18:39:00","guid":{"rendered":"https:\/\/oibca.gob.ar\/main\/?p=1188"},"modified":"2024-11-04T15:43:03","modified_gmt":"2024-11-04T18:43:03","slug":"presentacion-del-digesto-legislativo","status":"publish","type":"post","link":"https:\/\/oibca.gob.ar\/main\/presentacion-del-digesto-legislativo\/","title":{"rendered":"Presentaci\u00f3n del Digesto Legislativo"},"content":{"rendered":"\n<figure class=\"wp-block-image size-large\"><a href=\"https:\/\/oibca.gob.ar\/main\/wp-content\/uploads\/2024\/11\/digesto-legislativo-municipal.1.jpg\"><img fetchpriority=\"high\" decoding=\"async\" width=\"1024\" height=\"636\" src=\"https:\/\/oibca.gob.ar\/main\/wp-content\/uploads\/2024\/11\/digesto-legislativo-municipal.1-1024x636.jpg\" alt=\"presentaci\u00f3n digesto municipal\" class=\"wp-image-1189\" srcset=\"https:\/\/oibca.gob.ar\/main\/wp-content\/uploads\/2024\/11\/digesto-legislativo-municipal.1-1024x636.jpg 1024w, https:\/\/oibca.gob.ar\/main\/wp-content\/uploads\/2024\/11\/digesto-legislativo-municipal.1-300x186.jpg 300w, https:\/\/oibca.gob.ar\/main\/wp-content\/uploads\/2024\/11\/digesto-legislativo-municipal.1-768x477.jpg 768w, https:\/\/oibca.gob.ar\/main\/wp-content\/uploads\/2024\/11\/digesto-legislativo-municipal.1.jpg 1265w\" sizes=\"(max-width: 1024px) 100vw, 1024px\" \/><\/a><\/figure>\n\n\n\n<div style=\"height:20px\" aria-hidden=\"true\" class=\"wp-block-spacer\"><\/div>\n\n\n\n<p class=\"has-medium-font-size\">El pasado martes 01 de octubre se present\u00f3 ante el Concejo Deliberante de General Cabrera la actualizaci\u00f3n del digesto legislativo municipal. <\/p>\n\n\n\n<p class=\"has-medium-font-size\">Este instrumento permite disponer en un solo cuerpo la legislaci\u00f3n general, permanente y vigente del Municipio <\/p>\n\n\n\n<p class=\"has-medium-font-size\">Participaron integrantes del Concejo en funciones, directivos y profesionales del OIBCA.<\/p>\n\n\n\n<figure class=\"wp-block-image size-large\"><a href=\"https:\/\/oibca.gob.ar\/main\/wp-content\/uploads\/2024\/11\/digesto-legislativo-municipal.2.jpg\"><img decoding=\"async\" width=\"1024\" height=\"661\" src=\"https:\/\/oibca.gob.ar\/main\/wp-content\/uploads\/2024\/11\/digesto-legislativo-municipal.2-1024x661.jpg\" alt=\"\" class=\"wp-image-1190\" srcset=\"https:\/\/oibca.gob.ar\/main\/wp-content\/uploads\/2024\/11\/digesto-legislativo-municipal.2-1024x661.jpg 1024w, https:\/\/oibca.gob.ar\/main\/wp-content\/uploads\/2024\/11\/digesto-legislativo-municipal.2-300x194.jpg 300w, https:\/\/oibca.gob.ar\/main\/wp-content\/uploads\/2024\/11\/digesto-legislativo-municipal.2-768x496.jpg 768w, https:\/\/oibca.gob.ar\/main\/wp-content\/uploads\/2024\/11\/digesto-legislativo-municipal.2.jpg 1272w\" sizes=\"(max-width: 1024px) 100vw, 1024px\" \/><\/a><\/figure>\n","protected":false},"excerpt":{"rendered":"<p>El pasado martes 01 de octubre se present\u00f3 ante el Concejo Deliberante de General Cabrera la actualizaci\u00f3n del digesto legislativo municipal. <\/p>\n","protected":false},"author":2,"featured_media":1189,"comment_status":"open","ping_status":"open","sticky":false,"template":"","format":"standard","meta":{"site-sidebar-layout":"default","site-content-layout":"","ast-site-content-layout":"default","site-content-style":"default","site-sidebar-style":"default","ast-global-header-display":"","ast-banner-title-visibility":"","ast-main-header-display":"","ast-hfb-above-header-display":"","ast-hfb-below-header-display":"","ast-hfb-mobile-header-display":"","site-post-title":"","ast-breadcrumbs-content":"","ast-featured-img":"disabled","footer-sml-layout":"","ast-disable-related-posts":"","theme-transparent-header-meta":"","adv-header-id-meta":"","stick-header-meta":"","header-above-stick-meta":"","header-main-stick-meta":"","header-below-stick-meta":"","astra-migrate-meta-layouts":"set","ast-page-background-enabled":"default","ast-page-background-meta":{"desktop":{"background-color":"var(--ast-global-color-4)","background-image":"","background-repeat":"repeat","background-position":"center center","background-size":"auto","background-attachment":"scroll","background-type":"","background-media":"","overlay-type":"","overlay-color":"","overlay-opacity":"","overlay-gradient":""},"tablet":{"background-color":"","background-image":"","background-repeat":"repeat","background-position":"center center","background-size":"auto","background-attachment":"scroll","background-type":"","background-media":"","overlay-type":"","overlay-color":"","overlay-opacity":"","overlay-gradient":""},"mobile":{"background-color":"","background-image":"","background-repeat":"repeat","background-position":"center center","background-size":"auto","background-attachment":"scroll","background-type":"","background-media":"","overlay-type":"","overlay-color":"","overlay-opacity":"","overlay-gradient":""}},"ast-content-background-meta":{"desktop":{"background-color":"var(--ast-global-color-5)","background-image":"","background-repeat":"repeat","background-position":"center center","background-size":"auto","background-attachment":"scroll","background-type":"","background-media":"","overlay-type":"","overlay-color":"","overlay-opacity":"","overlay-gradient":""},"tablet":{"background-color":"var(--ast-global-color-5)","background-image":"","background-repeat":"repeat","background-position":"center center","background-size":"auto","background-attachment":"scroll","background-type":"","background-media":"","overlay-type":"","overlay-color":"","overlay-opacity":"","overlay-gradient":""},"mobile":{"background-color":"var(--ast-global-color-5)","background-image":"","background-repeat":"repeat","background-position":"center center","background-size":"auto","background-attachment":"scroll","background-type":"","background-media":"","overlay-type":"","overlay-color":"","overlay-opacity":"","overlay-gradient":""}},"footnotes":""},"categories":[7],"tags":[22,27],"class_list":["post-1188","post","type-post","status-publish","format-standard","has-post-thumbnail","hentry","category-noticias","tag-digesto","tag-general-cabrera"],"yoast_head":"<!-- This site is optimized with the Yoast SEO plugin v27.4 - https:\/\/yoast.com\/product\/yoast-seo-wordpress\/ -->\n<title>Presentaci\u00f3n del Digesto Legislativo - OIBCA<\/title>\n<meta name=\"robots\" content=\"index, follow, max-snippet:-1, max-image-preview:large, max-video-preview:-1\" \/>\n<link rel=\"canonical\" href=\"https:\/\/oibca.gob.ar\/main\/presentacion-del-digesto-legislativo\/\" \/>\n<meta property=\"og:locale\" content=\"es_ES\" \/>\n<meta property=\"og:type\" content=\"article\" \/>\n<meta property=\"og:title\" content=\"Presentaci\u00f3n del Digesto Legislativo - OIBCA\" \/>\n<meta property=\"og:description\" content=\"El pasado martes 01 de octubre se present\u00f3 ante el Concejo Deliberante de General Cabrera la actualizaci\u00f3n del digesto legislativo municipal.\" \/>\n<meta property=\"og:url\" content=\"https:\/\/oibca.gob.ar\/main\/presentacion-del-digesto-legislativo\/\" \/>\n<meta property=\"og:site_name\" content=\"OIBCA\" \/>\n<meta property=\"article:published_time\" content=\"2024-10-04T18:39:00+00:00\" \/>\n<meta property=\"article:modified_time\" content=\"2024-11-04T18:43:03+00:00\" \/>\n<meta property=\"og:image\" content=\"https:\/\/oibca.gob.ar\/main\/wp-content\/uploads\/2024\/11\/digesto-legislativo-municipal.1.jpg\" \/>\n\t<meta property=\"og:image:width\" content=\"1265\" \/>\n\t<meta property=\"og:image:height\" content=\"786\" \/>\n\t<meta property=\"og:image:type\" content=\"image\/jpeg\" \/>\n<meta name=\"author\" content=\"c2351037\" \/>\n<meta name=\"twitter:card\" content=\"summary_large_image\" \/>\n<meta name=\"twitter:label1\" content=\"Escrito por\" \/>\n\t<meta name=\"twitter:data1\" content=\"c2351037\" \/>\n\t<meta name=\"twitter:label2\" content=\"Tiempo de lectura\" \/>\n\t<meta name=\"twitter:data2\" content=\"1 minuto\" \/>\n<script type=\"application\/ld+json\" class=\"yoast-schema-graph\">{\"@context\":\"https:\\\/\\\/schema.org\",\"@graph\":[{\"@type\":\"Article\",\"@id\":\"https:\\\/\\\/oibca.gob.ar\\\/main\\\/presentacion-del-digesto-legislativo\\\/#article\",\"isPartOf\":{\"@id\":\"https:\\\/\\\/oibca.gob.ar\\\/main\\\/presentacion-del-digesto-legislativo\\\/\"},\"author\":{\"name\":\"c2351037\",\"@id\":\"https:\\\/\\\/oibca.gob.ar\\\/main\\\/#\\\/schema\\\/person\\\/1056d8678520282d647bac14db0a6500\"},\"headline\":\"Presentaci\u00f3n del Digesto Legislativo\",\"datePublished\":\"2024-10-04T18:39:00+00:00\",\"dateModified\":\"2024-11-04T18:43:03+00:00\",\"mainEntityOfPage\":{\"@id\":\"https:\\\/\\\/oibca.gob.ar\\\/main\\\/presentacion-del-digesto-legislativo\\\/\"},\"wordCount\":54,\"commentCount\":0,\"publisher\":{\"@id\":\"https:\\\/\\\/oibca.gob.ar\\\/main\\\/#organization\"},\"image\":{\"@id\":\"https:\\\/\\\/oibca.gob.ar\\\/main\\\/presentacion-del-digesto-legislativo\\\/#primaryimage\"},\"thumbnailUrl\":\"https:\\\/\\\/oibca.gob.ar\\\/main\\\/wp-content\\\/uploads\\\/2024\\\/11\\\/digesto-legislativo-municipal.1.jpg\",\"keywords\":[\"Digesto\",\"General Cabrera\"],\"articleSection\":[\"Noticias\"],\"inLanguage\":\"es\",\"potentialAction\":[{\"@type\":\"CommentAction\",\"name\":\"Comment\",\"target\":[\"https:\\\/\\\/oibca.gob.ar\\\/main\\\/presentacion-del-digesto-legislativo\\\/#respond\"]}]},{\"@type\":\"WebPage\",\"@id\":\"https:\\\/\\\/oibca.gob.ar\\\/main\\\/presentacion-del-digesto-legislativo\\\/\",\"url\":\"https:\\\/\\\/oibca.gob.ar\\\/main\\\/presentacion-del-digesto-legislativo\\\/\",\"name\":\"Presentaci\u00f3n del Digesto Legislativo - OIBCA\",\"isPartOf\":{\"@id\":\"https:\\\/\\\/oibca.gob.ar\\\/main\\\/#website\"},\"primaryImageOfPage\":{\"@id\":\"https:\\\/\\\/oibca.gob.ar\\\/main\\\/presentacion-del-digesto-legislativo\\\/#primaryimage\"},\"image\":{\"@id\":\"https:\\\/\\\/oibca.gob.ar\\\/main\\\/presentacion-del-digesto-legislativo\\\/#primaryimage\"},\"thumbnailUrl\":\"https:\\\/\\\/oibca.gob.ar\\\/main\\\/wp-content\\\/uploads\\\/2024\\\/11\\\/digesto-legislativo-municipal.1.jpg\",\"datePublished\":\"2024-10-04T18:39:00+00:00\",\"dateModified\":\"2024-11-04T18:43:03+00:00\",\"inLanguage\":\"es\",\"potentialAction\":[{\"@type\":\"ReadAction\",\"target\":[\"https:\\\/\\\/oibca.gob.ar\\\/main\\\/presentacion-del-digesto-legislativo\\\/\"]}]},{\"@type\":\"ImageObject\",\"inLanguage\":\"es\",\"@id\":\"https:\\\/\\\/oibca.gob.ar\\\/main\\\/presentacion-del-digesto-legislativo\\\/#primaryimage\",\"url\":\"https:\\\/\\\/oibca.gob.ar\\\/main\\\/wp-content\\\/uploads\\\/2024\\\/11\\\/digesto-legislativo-municipal.1.jpg\",\"contentUrl\":\"https:\\\/\\\/oibca.gob.ar\\\/main\\\/wp-content\\\/uploads\\\/2024\\\/11\\\/digesto-legislativo-municipal.1.jpg\",\"width\":1265,\"height\":786,\"caption\":\"presentaci\u00f3n digesto municipal\"},{\"@type\":\"WebSite\",\"@id\":\"https:\\\/\\\/oibca.gob.ar\\\/main\\\/#website\",\"url\":\"https:\\\/\\\/oibca.gob.ar\\\/main\\\/\",\"name\":\"OIBCA\",\"description\":\"Organismo Intermunicipal de Bromatologia y Control Ambiental\",\"publisher\":{\"@id\":\"https:\\\/\\\/oibca.gob.ar\\\/main\\\/#organization\"},\"potentialAction\":[{\"@type\":\"SearchAction\",\"target\":{\"@type\":\"EntryPoint\",\"urlTemplate\":\"https:\\\/\\\/oibca.gob.ar\\\/main\\\/?s={search_term_string}\"},\"query-input\":{\"@type\":\"PropertyValueSpecification\",\"valueRequired\":true,\"valueName\":\"search_term_string\"}}],\"inLanguage\":\"es\"},{\"@type\":\"Organization\",\"@id\":\"https:\\\/\\\/oibca.gob.ar\\\/main\\\/#organization\",\"name\":\"OIBCA\",\"url\":\"https:\\\/\\\/oibca.gob.ar\\\/main\\\/\",\"logo\":{\"@type\":\"ImageObject\",\"inLanguage\":\"es\",\"@id\":\"https:\\\/\\\/oibca.gob.ar\\\/main\\\/#\\\/schema\\\/logo\\\/image\\\/\",\"url\":\"https:\\\/\\\/oibca.gob.ar\\\/main\\\/wp-content\\\/uploads\\\/2022\\\/03\\\/logo-OIBCA.png\",\"contentUrl\":\"https:\\\/\\\/oibca.gob.ar\\\/main\\\/wp-content\\\/uploads\\\/2022\\\/03\\\/logo-OIBCA.png\",\"width\":262,\"height\":244,\"caption\":\"OIBCA\"},\"image\":{\"@id\":\"https:\\\/\\\/oibca.gob.ar\\\/main\\\/#\\\/schema\\\/logo\\\/image\\\/\"}},{\"@type\":\"Person\",\"@id\":\"https:\\\/\\\/oibca.gob.ar\\\/main\\\/#\\\/schema\\\/person\\\/1056d8678520282d647bac14db0a6500\",\"name\":\"c2351037\",\"image\":{\"@type\":\"ImageObject\",\"inLanguage\":\"es\",\"@id\":\"https:\\\/\\\/secure.gravatar.com\\\/avatar\\\/58ae59209614e7b73eb4cc76cc09ead151ab1c5db9b8df031c3781954a5d5647?s=96&d=mm&r=g\",\"url\":\"https:\\\/\\\/secure.gravatar.com\\\/avatar\\\/58ae59209614e7b73eb4cc76cc09ead151ab1c5db9b8df031c3781954a5d5647?s=96&d=mm&r=g\",\"contentUrl\":\"https:\\\/\\\/secure.gravatar.com\\\/avatar\\\/58ae59209614e7b73eb4cc76cc09ead151ab1c5db9b8df031c3781954a5d5647?s=96&d=mm&r=g\",\"caption\":\"c2351037\"},\"url\":\"https:\\\/\\\/oibca.gob.ar\\\/main\\\/author\\\/c2351037\\\/\"}]}<\/script>\n<!-- \/ Yoast SEO plugin. -->","yoast_head_json":{"title":"Presentaci\u00f3n del Digesto Legislativo - OIBCA","robots":{"index":"index","follow":"follow","max-snippet":"max-snippet:-1","max-image-preview":"max-image-preview:large","max-video-preview":"max-video-preview:-1"},"canonical":"https:\/\/oibca.gob.ar\/main\/presentacion-del-digesto-legislativo\/","og_locale":"es_ES","og_type":"article","og_title":"Presentaci\u00f3n del Digesto Legislativo - OIBCA","og_description":"El pasado martes 01 de octubre se present\u00f3 ante el Concejo Deliberante de General Cabrera la actualizaci\u00f3n del digesto legislativo municipal.","og_url":"https:\/\/oibca.gob.ar\/main\/presentacion-del-digesto-legislativo\/","og_site_name":"OIBCA","article_published_time":"2024-10-04T18:39:00+00:00","article_modified_time":"2024-11-04T18:43:03+00:00","og_image":[{"width":1265,"height":786,"url":"https:\/\/oibca.gob.ar\/main\/wp-content\/uploads\/2024\/11\/digesto-legislativo-municipal.1.jpg","type":"image\/jpeg"}],"author":"c2351037","twitter_card":"summary_large_image","twitter_misc":{"Escrito por":"c2351037","Tiempo de lectura":"1 minuto"},"schema":{"@context":"https:\/\/schema.org","@graph":[{"@type":"Article","@id":"https:\/\/oibca.gob.ar\/main\/presentacion-del-digesto-legislativo\/#article","isPartOf":{"@id":"https:\/\/oibca.gob.ar\/main\/presentacion-del-digesto-legislativo\/"},"author":{"name":"c2351037","@id":"https:\/\/oibca.gob.ar\/main\/#\/schema\/person\/1056d8678520282d647bac14db0a6500"},"headline":"Presentaci\u00f3n del Digesto Legislativo","datePublished":"2024-10-04T18:39:00+00:00","dateModified":"2024-11-04T18:43:03+00:00","mainEntityOfPage":{"@id":"https:\/\/oibca.gob.ar\/main\/presentacion-del-digesto-legislativo\/"},"wordCount":54,"commentCount":0,"publisher":{"@id":"https:\/\/oibca.gob.ar\/main\/#organization"},"image":{"@id":"https:\/\/oibca.gob.ar\/main\/presentacion-del-digesto-legislativo\/#primaryimage"},"thumbnailUrl":"https:\/\/oibca.gob.ar\/main\/wp-content\/uploads\/2024\/11\/digesto-legislativo-municipal.1.jpg","keywords":["Digesto","General Cabrera"],"articleSection":["Noticias"],"inLanguage":"es","potentialAction":[{"@type":"CommentAction","name":"Comment","target":["https:\/\/oibca.gob.ar\/main\/presentacion-del-digesto-legislativo\/#respond"]}]},{"@type":"WebPage","@id":"https:\/\/oibca.gob.ar\/main\/presentacion-del-digesto-legislativo\/","url":"https:\/\/oibca.gob.ar\/main\/presentacion-del-digesto-legislativo\/","name":"Presentaci\u00f3n del Digesto Legislativo - OIBCA","isPartOf":{"@id":"https:\/\/oibca.gob.ar\/main\/#website"},"primaryImageOfPage":{"@id":"https:\/\/oibca.gob.ar\/main\/presentacion-del-digesto-legislativo\/#primaryimage"},"image":{"@id":"https:\/\/oibca.gob.ar\/main\/presentacion-del-digesto-legislativo\/#primaryimage"},"thumbnailUrl":"https:\/\/oibca.gob.ar\/main\/wp-content\/uploads\/2024\/11\/digesto-legislativo-municipal.1.jpg","datePublished":"2024-10-04T18:39:00+00:00","dateModified":"2024-11-04T18:43:03+00:00","inLanguage":"es","potentialAction":[{"@type":"ReadAction","target":["https:\/\/oibca.gob.ar\/main\/presentacion-del-digesto-legislativo\/"]}]},{"@type":"ImageObject","inLanguage":"es","@id":"https:\/\/oibca.gob.ar\/main\/presentacion-del-digesto-legislativo\/#primaryimage","url":"https:\/\/oibca.gob.ar\/main\/wp-content\/uploads\/2024\/11\/digesto-legislativo-municipal.1.jpg","contentUrl":"https:\/\/oibca.gob.ar\/main\/wp-content\/uploads\/2024\/11\/digesto-legislativo-municipal.1.jpg","width":1265,"height":786,"caption":"presentaci\u00f3n digesto municipal"},{"@type":"WebSite","@id":"https:\/\/oibca.gob.ar\/main\/#website","url":"https:\/\/oibca.gob.ar\/main\/","name":"OIBCA","description":"Organismo Intermunicipal de Bromatologia y Control Ambiental","publisher":{"@id":"https:\/\/oibca.gob.ar\/main\/#organization"},"potentialAction":[{"@type":"SearchAction","target":{"@type":"EntryPoint","urlTemplate":"https:\/\/oibca.gob.ar\/main\/?s={search_term_string}"},"query-input":{"@type":"PropertyValueSpecification","valueRequired":true,"valueName":"search_term_string"}}],"inLanguage":"es"},{"@type":"Organization","@id":"https:\/\/oibca.gob.ar\/main\/#organization","name":"OIBCA","url":"https:\/\/oibca.gob.ar\/main\/","logo":{"@type":"ImageObject","inLanguage":"es","@id":"https:\/\/oibca.gob.ar\/main\/#\/schema\/logo\/image\/","url":"https:\/\/oibca.gob.ar\/main\/wp-content\/uploads\/2022\/03\/logo-OIBCA.png","contentUrl":"https:\/\/oibca.gob.ar\/main\/wp-content\/uploads\/2022\/03\/logo-OIBCA.png","width":262,"height":244,"caption":"OIBCA"},"image":{"@id":"https:\/\/oibca.gob.ar\/main\/#\/schema\/logo\/image\/"}},{"@type":"Person","@id":"https:\/\/oibca.gob.ar\/main\/#\/schema\/person\/1056d8678520282d647bac14db0a6500","name":"c2351037","image":{"@type":"ImageObject","inLanguage":"es","@id":"https:\/\/secure.gravatar.com\/avatar\/58ae59209614e7b73eb4cc76cc09ead151ab1c5db9b8df031c3781954a5d5647?s=96&d=mm&r=g","url":"https:\/\/secure.gravatar.com\/avatar\/58ae59209614e7b73eb4cc76cc09ead151ab1c5db9b8df031c3781954a5d5647?s=96&d=mm&r=g","contentUrl":"https:\/\/secure.gravatar.com\/avatar\/58ae59209614e7b73eb4cc76cc09ead151ab1c5db9b8df031c3781954a5d5647?s=96&d=mm&r=g","caption":"c2351037"},"url":"https:\/\/oibca.gob.ar\/main\/author\/c2351037\/"}]}},"_links":{"self":[{"href":"https:\/\/oibca.gob.ar\/main\/wp-json\/wp\/v2\/posts\/1188","targetHints":{"allow":["GET"]}}],"collection":[{"href":"https:\/\/oibca.gob.ar\/main\/wp-json\/wp\/v2\/posts"}],"about":[{"href":"https:\/\/oibca.gob.ar\/main\/wp-json\/wp\/v2\/types\/post"}],"author":[{"embeddable":true,"href":"https:\/\/oibca.gob.ar\/main\/wp-json\/wp\/v2\/users\/2"}],"replies":[{"embeddable":true,"href":"https:\/\/oibca.gob.ar\/main\/wp-json\/wp\/v2\/comments?post=1188"}],"version-history":[{"count":2,"href":"https:\/\/oibca.gob.ar\/main\/wp-json\/wp\/v2\/posts\/1188\/revisions"}],"predecessor-version":[{"id":1192,"href":"https:\/\/oibca.gob.ar\/main\/wp-json\/wp\/v2\/posts\/1188\/revisions\/1192"}],"wp:featuredmedia":[{"embeddable":true,"href":"https:\/\/oibca.gob.ar\/main\/wp-json\/wp\/v2\/media\/1189"}],"wp:attachment":[{"href":"https:\/\/oibca.gob.ar\/main\/wp-json\/wp\/v2\/media?parent=1188"}],"wp:term":[{"taxonomy":"category","embeddable":true,"href":"https:\/\/oibca.gob.ar\/main\/wp-json\/wp\/v2\/categories?post=1188"},{"taxonomy":"post_tag","embeddable":true,"href":"https:\/\/oibca.gob.ar\/main\/wp-json\/wp\/v2\/tags?post=1188"}],"curies":[{"name":"wp","href":"https:\/\/api.w.org\/{rel}","templated":true}]}}