{"id":1219,"date":"2024-11-29T10:02:00","date_gmt":"2024-11-29T13:02:00","guid":{"rendered":"https:\/\/oibca.gob.ar\/main\/?p=1219"},"modified":"2024-12-30T10:07:40","modified_gmt":"2024-12-30T13:07:40","slug":"concientizar-sobre-el-dengue","status":"publish","type":"post","link":"https:\/\/oibca.gob.ar\/main\/concientizar-sobre-el-dengue\/","title":{"rendered":"Concientizar sobre el dengue"},"content":{"rendered":"\n<figure class=\"wp-block-image size-large\"><a href=\"https:\/\/oibca.gob.ar\/main\/wp-content\/uploads\/2024\/12\/concientizar-sobre-el-Dengue1.jpg\"><img fetchpriority=\"high\" decoding=\"async\" width=\"1024\" height=\"576\" src=\"https:\/\/oibca.gob.ar\/main\/wp-content\/uploads\/2024\/12\/concientizar-sobre-el-Dengue1-1024x576.jpg\" alt=\"\" class=\"wp-image-1220\" srcset=\"https:\/\/oibca.gob.ar\/main\/wp-content\/uploads\/2024\/12\/concientizar-sobre-el-Dengue1-1024x576.jpg 1024w, https:\/\/oibca.gob.ar\/main\/wp-content\/uploads\/2024\/12\/concientizar-sobre-el-Dengue1-300x169.jpg 300w, https:\/\/oibca.gob.ar\/main\/wp-content\/uploads\/2024\/12\/concientizar-sobre-el-Dengue1-768x432.jpg 768w, https:\/\/oibca.gob.ar\/main\/wp-content\/uploads\/2024\/12\/concientizar-sobre-el-Dengue1-1536x864.jpg 1536w, https:\/\/oibca.gob.ar\/main\/wp-content\/uploads\/2024\/12\/concientizar-sobre-el-Dengue1.jpg 1600w\" sizes=\"(max-width: 1024px) 100vw, 1024px\" \/><\/a><\/figure>\n\n\n\n<p style=\"margin-top:var(--wp--preset--spacing--40);margin-bottom:var(--wp--preset--spacing--40)\"> El viernes 15 de noviembre, profesionales del M\u00f3dulo Plagas-OIBCA visitaron los establecimientos educativos Instituto Santa Rosa de Lima de Olaeta y el Instituto Agrot\u00e9cnico Industrial de Chaz\u00f3n. <\/p>\n\n\n\n<p>El objetivo de este encuentro fue concientizar sobre el Dengue, sus s\u00edntomas, m\u00e9todos de prevenci\u00f3n y la importancia de la vigilancia epidemiol\u00f3gica. <\/p>\n\n\n\n<p>Agradecemos a las autoridades de ambos establecimientos por el espacio y a los\/as estudiantes por su participaci\u00f3n.<br>Aprovechamos para multiplicar este mensaje:<br>C\u00f3mo podemos prevenir el dengue<br>&#x25b6;&#xfe0f;Evitar las aguas estancadas alrededor de la casa.<br>&#x25b6;&#xfe0f;Reemplazar el agua de los floreros por arena.<br>&#x25b6;&#xfe0f;No dejar agua estancada en las macetas.<br>&#x25b6;&#xfe0f;No dejar acumular agua en cubos y baldes, hay que darles la vuelta.<br>&#x25b6;&#xfe0f;Usar repelentes para mosquitos, sobre todo en las tardes y en la noche.<\/p>\n\n\n\n<figure class=\"wp-block-gallery has-nested-images columns-default is-cropped wp-block-gallery-1 is-layout-flex wp-block-gallery-is-layout-flex\">\n<figure class=\"wp-block-image size-large\"><a href=\"https:\/\/oibca.gob.ar\/main\/wp-content\/uploads\/2024\/11\/concientizar-sobre-el-Dengue2.jpg\"><img decoding=\"async\" width=\"1024\" height=\"506\" data-id=\"1222\" src=\"https:\/\/oibca.gob.ar\/main\/wp-content\/uploads\/2024\/11\/concientizar-sobre-el-Dengue2-1024x506.jpg\" alt=\"\" class=\"wp-image-1222\" srcset=\"https:\/\/oibca.gob.ar\/main\/wp-content\/uploads\/2024\/11\/concientizar-sobre-el-Dengue2-1024x506.jpg 1024w, https:\/\/oibca.gob.ar\/main\/wp-content\/uploads\/2024\/11\/concientizar-sobre-el-Dengue2-300x148.jpg 300w, https:\/\/oibca.gob.ar\/main\/wp-content\/uploads\/2024\/11\/concientizar-sobre-el-Dengue2-768x379.jpg 768w, https:\/\/oibca.gob.ar\/main\/wp-content\/uploads\/2024\/11\/concientizar-sobre-el-Dengue2.jpg 1358w\" sizes=\"(max-width: 1024px) 100vw, 1024px\" \/><\/a><\/figure>\n\n\n\n<figure class=\"wp-block-image size-large\"><a href=\"https:\/\/oibca.gob.ar\/main\/wp-content\/uploads\/2024\/11\/concientizar-sobre-el-Dengue4.jpg\"><img decoding=\"async\" width=\"1024\" height=\"688\" data-id=\"1223\" src=\"https:\/\/oibca.gob.ar\/main\/wp-content\/uploads\/2024\/11\/concientizar-sobre-el-Dengue4-1024x688.jpg\" alt=\"\" class=\"wp-image-1223\" srcset=\"https:\/\/oibca.gob.ar\/main\/wp-content\/uploads\/2024\/11\/concientizar-sobre-el-Dengue4-1024x688.jpg 1024w, https:\/\/oibca.gob.ar\/main\/wp-content\/uploads\/2024\/11\/concientizar-sobre-el-Dengue4-300x202.jpg 300w, https:\/\/oibca.gob.ar\/main\/wp-content\/uploads\/2024\/11\/concientizar-sobre-el-Dengue4-768x516.jpg 768w, https:\/\/oibca.gob.ar\/main\/wp-content\/uploads\/2024\/11\/concientizar-sobre-el-Dengue4.jpg 1471w\" sizes=\"(max-width: 1024px) 100vw, 1024px\" \/><\/a><\/figure>\n\n\n\n<figure class=\"wp-block-image size-large\"><a href=\"https:\/\/oibca.gob.ar\/main\/wp-content\/uploads\/2024\/11\/concientizar-sobre-el-Dengue5.jpg\"><img loading=\"lazy\" decoding=\"async\" width=\"1024\" height=\"662\" data-id=\"1224\" src=\"https:\/\/oibca.gob.ar\/main\/wp-content\/uploads\/2024\/11\/concientizar-sobre-el-Dengue5-1024x662.jpg\" alt=\"\" class=\"wp-image-1224\" srcset=\"https:\/\/oibca.gob.ar\/main\/wp-content\/uploads\/2024\/11\/concientizar-sobre-el-Dengue5-1024x662.jpg 1024w, https:\/\/oibca.gob.ar\/main\/wp-content\/uploads\/2024\/11\/concientizar-sobre-el-Dengue5-300x194.jpg 300w, https:\/\/oibca.gob.ar\/main\/wp-content\/uploads\/2024\/11\/concientizar-sobre-el-Dengue5-768x497.jpg 768w, https:\/\/oibca.gob.ar\/main\/wp-content\/uploads\/2024\/11\/concientizar-sobre-el-Dengue5-1536x993.jpg 1536w, https:\/\/oibca.gob.ar\/main\/wp-content\/uploads\/2024\/11\/concientizar-sobre-el-Dengue5.jpg 1585w\" sizes=\"(max-width: 1024px) 100vw, 1024px\" \/><\/a><\/figure>\n\n\n\n<figure class=\"wp-block-image size-large\"><a href=\"https:\/\/oibca.gob.ar\/main\/wp-content\/uploads\/2024\/11\/concientizar-sobre-el-Dengue6.jpg\"><img loading=\"lazy\" decoding=\"async\" width=\"1024\" height=\"768\" data-id=\"1225\" src=\"https:\/\/oibca.gob.ar\/main\/wp-content\/uploads\/2024\/11\/concientizar-sobre-el-Dengue6-1024x768.jpg\" alt=\"\" class=\"wp-image-1225\" srcset=\"https:\/\/oibca.gob.ar\/main\/wp-content\/uploads\/2024\/11\/concientizar-sobre-el-Dengue6-1024x768.jpg 1024w, https:\/\/oibca.gob.ar\/main\/wp-content\/uploads\/2024\/11\/concientizar-sobre-el-Dengue6-300x225.jpg 300w, https:\/\/oibca.gob.ar\/main\/wp-content\/uploads\/2024\/11\/concientizar-sobre-el-Dengue6-768x576.jpg 768w, https:\/\/oibca.gob.ar\/main\/wp-content\/uploads\/2024\/11\/concientizar-sobre-el-Dengue6-1536x1152.jpg 1536w, https:\/\/oibca.gob.ar\/main\/wp-content\/uploads\/2024\/11\/concientizar-sobre-el-Dengue6.jpg 1600w\" sizes=\"(max-width: 1024px) 100vw, 1024px\" \/><\/a><\/figure>\n<\/figure>\n\n\n\n<p><\/p>\n","protected":false},"excerpt":{"rendered":"<p> El viernes 15 de noviembre, profesionales del M\u00f3dulo Plagas-OIBCA visitaron los establecimientos educativos Instituto Santa Rosa de Lima de Olaeta y el Instituto Agrot\u00e9cnico Industrial de Chaz\u00f3n. <\/p>\n","protected":false},"author":2,"featured_media":1220,"comment_status":"open","ping_status":"open","sticky":false,"template":"","format":"standard","meta":{"site-sidebar-layout":"default","site-content-layout":"","ast-site-content-layout":"default","site-content-style":"default","site-sidebar-style":"default","ast-global-header-display":"","ast-banner-title-visibility":"","ast-main-header-display":"","ast-hfb-above-header-display":"","ast-hfb-below-header-display":"","ast-hfb-mobile-header-display":"","site-post-title":"","ast-breadcrumbs-content":"","ast-featured-img":"disabled","footer-sml-layout":"","ast-disable-related-posts":"","theme-transparent-header-meta":"","adv-header-id-meta":"","stick-header-meta":"","header-above-stick-meta":"","header-main-stick-meta":"","header-below-stick-meta":"","astra-migrate-meta-layouts":"set","ast-page-background-enabled":"default","ast-page-background-meta":{"desktop":{"background-color":"var(--ast-global-color-4)","background-image":"","background-repeat":"repeat","background-position":"center center","background-size":"auto","background-attachment":"scroll","background-type":"","background-media":"","overlay-type":"","overlay-color":"","overlay-opacity":"","overlay-gradient":""},"tablet":{"background-color":"","background-image":"","background-repeat":"repeat","background-position":"center center","background-size":"auto","background-attachment":"scroll","background-type":"","background-media":"","overlay-type":"","overlay-color":"","overlay-opacity":"","overlay-gradient":""},"mobile":{"background-color":"","background-image":"","background-repeat":"repeat","background-position":"center center","background-size":"auto","background-attachment":"scroll","background-type":"","background-media":"","overlay-type":"","overlay-color":"","overlay-opacity":"","overlay-gradient":""}},"ast-content-background-meta":{"desktop":{"background-color":"var(--ast-global-color-5)","background-image":"","background-repeat":"repeat","background-position":"center center","background-size":"auto","background-attachment":"scroll","background-type":"","background-media":"","overlay-type":"","overlay-color":"","overlay-opacity":"","overlay-gradient":""},"tablet":{"background-color":"var(--ast-global-color-5)","background-image":"","background-repeat":"repeat","background-position":"center center","background-size":"auto","background-attachment":"scroll","background-type":"","background-media":"","overlay-type":"","overlay-color":"","overlay-opacity":"","overlay-gradient":""},"mobile":{"background-color":"var(--ast-global-color-5)","background-image":"","background-repeat":"repeat","background-position":"center center","background-size":"auto","background-attachment":"scroll","background-type":"","background-media":"","overlay-type":"","overlay-color":"","overlay-opacity":"","overlay-gradient":""}},"footnotes":""},"categories":[7],"tags":[4,15,26,17,32],"class_list":["post-1219","post","type-post","status-publish","format-standard","has-post-thumbnail","hentry","category-noticias","tag-capacitacion","tag-chazon","tag-dengue","tag-olaeta","tag-taller"],"yoast_head":"<!-- This site is optimized with the Yoast SEO plugin v27.4 - https:\/\/yoast.com\/product\/yoast-seo-wordpress\/ -->\n<title>Concientizar sobre el dengue - OIBCA<\/title>\n<meta name=\"robots\" content=\"index, follow, max-snippet:-1, max-image-preview:large, max-video-preview:-1\" \/>\n<link rel=\"canonical\" href=\"https:\/\/oibca.gob.ar\/main\/concientizar-sobre-el-dengue\/\" \/>\n<meta property=\"og:locale\" content=\"es_ES\" \/>\n<meta property=\"og:type\" content=\"article\" \/>\n<meta property=\"og:title\" content=\"Concientizar sobre el dengue - OIBCA\" \/>\n<meta property=\"og:description\" content=\"El viernes 15 de noviembre, profesionales del M\u00f3dulo Plagas-OIBCA visitaron los establecimientos educativos Instituto Santa Rosa de Lima de Olaeta y el Instituto Agrot\u00e9cnico Industrial de Chaz\u00f3n.\" \/>\n<meta property=\"og:url\" content=\"https:\/\/oibca.gob.ar\/main\/concientizar-sobre-el-dengue\/\" \/>\n<meta property=\"og:site_name\" content=\"OIBCA\" \/>\n<meta property=\"article:published_time\" content=\"2024-11-29T13:02:00+00:00\" \/>\n<meta property=\"article:modified_time\" content=\"2024-12-30T13:07:40+00:00\" \/>\n<meta property=\"og:image\" content=\"https:\/\/oibca.gob.ar\/main\/wp-content\/uploads\/2024\/12\/concientizar-sobre-el-Dengue1.jpg\" \/>\n\t<meta property=\"og:image:width\" content=\"1600\" \/>\n\t<meta property=\"og:image:height\" content=\"900\" \/>\n\t<meta property=\"og:image:type\" content=\"image\/jpeg\" \/>\n<meta name=\"author\" content=\"c2351037\" \/>\n<meta name=\"twitter:card\" content=\"summary_large_image\" \/>\n<meta name=\"twitter:label1\" content=\"Escrito por\" \/>\n\t<meta name=\"twitter:data1\" content=\"c2351037\" \/>\n\t<meta name=\"twitter:label2\" content=\"Tiempo de lectura\" \/>\n\t<meta name=\"twitter:data2\" content=\"2 minutos\" \/>\n<script type=\"application\/ld+json\" class=\"yoast-schema-graph\">{\"@context\":\"https:\\\/\\\/schema.org\",\"@graph\":[{\"@type\":\"Article\",\"@id\":\"https:\\\/\\\/oibca.gob.ar\\\/main\\\/concientizar-sobre-el-dengue\\\/#article\",\"isPartOf\":{\"@id\":\"https:\\\/\\\/oibca.gob.ar\\\/main\\\/concientizar-sobre-el-dengue\\\/\"},\"author\":{\"name\":\"c2351037\",\"@id\":\"https:\\\/\\\/oibca.gob.ar\\\/main\\\/#\\\/schema\\\/person\\\/1056d8678520282d647bac14db0a6500\"},\"headline\":\"Concientizar sobre el dengue\",\"datePublished\":\"2024-11-29T13:02:00+00:00\",\"dateModified\":\"2024-12-30T13:07:40+00:00\",\"mainEntityOfPage\":{\"@id\":\"https:\\\/\\\/oibca.gob.ar\\\/main\\\/concientizar-sobre-el-dengue\\\/\"},\"wordCount\":158,\"commentCount\":0,\"publisher\":{\"@id\":\"https:\\\/\\\/oibca.gob.ar\\\/main\\\/#organization\"},\"image\":{\"@id\":\"https:\\\/\\\/oibca.gob.ar\\\/main\\\/concientizar-sobre-el-dengue\\\/#primaryimage\"},\"thumbnailUrl\":\"https:\\\/\\\/oibca.gob.ar\\\/main\\\/wp-content\\\/uploads\\\/2024\\\/12\\\/concientizar-sobre-el-Dengue1.jpg\",\"keywords\":[\"capacitaci\u00f3n\",\"Chaz\u00f3n\",\"dengue\",\"Olaeta\",\"taller\"],\"articleSection\":[\"Noticias\"],\"inLanguage\":\"es\",\"potentialAction\":[{\"@type\":\"CommentAction\",\"name\":\"Comment\",\"target\":[\"https:\\\/\\\/oibca.gob.ar\\\/main\\\/concientizar-sobre-el-dengue\\\/#respond\"]}]},{\"@type\":\"WebPage\",\"@id\":\"https:\\\/\\\/oibca.gob.ar\\\/main\\\/concientizar-sobre-el-dengue\\\/\",\"url\":\"https:\\\/\\\/oibca.gob.ar\\\/main\\\/concientizar-sobre-el-dengue\\\/\",\"name\":\"Concientizar sobre el dengue - OIBCA\",\"isPartOf\":{\"@id\":\"https:\\\/\\\/oibca.gob.ar\\\/main\\\/#website\"},\"primaryImageOfPage\":{\"@id\":\"https:\\\/\\\/oibca.gob.ar\\\/main\\\/concientizar-sobre-el-dengue\\\/#primaryimage\"},\"image\":{\"@id\":\"https:\\\/\\\/oibca.gob.ar\\\/main\\\/concientizar-sobre-el-dengue\\\/#primaryimage\"},\"thumbnailUrl\":\"https:\\\/\\\/oibca.gob.ar\\\/main\\\/wp-content\\\/uploads\\\/2024\\\/12\\\/concientizar-sobre-el-Dengue1.jpg\",\"datePublished\":\"2024-11-29T13:02:00+00:00\",\"dateModified\":\"2024-12-30T13:07:40+00:00\",\"inLanguage\":\"es\",\"potentialAction\":[{\"@type\":\"ReadAction\",\"target\":[\"https:\\\/\\\/oibca.gob.ar\\\/main\\\/concientizar-sobre-el-dengue\\\/\"]}]},{\"@type\":\"ImageObject\",\"inLanguage\":\"es\",\"@id\":\"https:\\\/\\\/oibca.gob.ar\\\/main\\\/concientizar-sobre-el-dengue\\\/#primaryimage\",\"url\":\"https:\\\/\\\/oibca.gob.ar\\\/main\\\/wp-content\\\/uploads\\\/2024\\\/12\\\/concientizar-sobre-el-Dengue1.jpg\",\"contentUrl\":\"https:\\\/\\\/oibca.gob.ar\\\/main\\\/wp-content\\\/uploads\\\/2024\\\/12\\\/concientizar-sobre-el-Dengue1.jpg\",\"width\":1600,\"height\":900},{\"@type\":\"WebSite\",\"@id\":\"https:\\\/\\\/oibca.gob.ar\\\/main\\\/#website\",\"url\":\"https:\\\/\\\/oibca.gob.ar\\\/main\\\/\",\"name\":\"OIBCA\",\"description\":\"Organismo Intermunicipal de Bromatologia y Control Ambiental\",\"publisher\":{\"@id\":\"https:\\\/\\\/oibca.gob.ar\\\/main\\\/#organization\"},\"potentialAction\":[{\"@type\":\"SearchAction\",\"target\":{\"@type\":\"EntryPoint\",\"urlTemplate\":\"https:\\\/\\\/oibca.gob.ar\\\/main\\\/?s={search_term_string}\"},\"query-input\":{\"@type\":\"PropertyValueSpecification\",\"valueRequired\":true,\"valueName\":\"search_term_string\"}}],\"inLanguage\":\"es\"},{\"@type\":\"Organization\",\"@id\":\"https:\\\/\\\/oibca.gob.ar\\\/main\\\/#organization\",\"name\":\"OIBCA\",\"url\":\"https:\\\/\\\/oibca.gob.ar\\\/main\\\/\",\"logo\":{\"@type\":\"ImageObject\",\"inLanguage\":\"es\",\"@id\":\"https:\\\/\\\/oibca.gob.ar\\\/main\\\/#\\\/schema\\\/logo\\\/image\\\/\",\"url\":\"https:\\\/\\\/oibca.gob.ar\\\/main\\\/wp-content\\\/uploads\\\/2022\\\/03\\\/logo-OIBCA.png\",\"contentUrl\":\"https:\\\/\\\/oibca.gob.ar\\\/main\\\/wp-content\\\/uploads\\\/2022\\\/03\\\/logo-OIBCA.png\",\"width\":262,\"height\":244,\"caption\":\"OIBCA\"},\"image\":{\"@id\":\"https:\\\/\\\/oibca.gob.ar\\\/main\\\/#\\\/schema\\\/logo\\\/image\\\/\"}},{\"@type\":\"Person\",\"@id\":\"https:\\\/\\\/oibca.gob.ar\\\/main\\\/#\\\/schema\\\/person\\\/1056d8678520282d647bac14db0a6500\",\"name\":\"c2351037\",\"image\":{\"@type\":\"ImageObject\",\"inLanguage\":\"es\",\"@id\":\"https:\\\/\\\/secure.gravatar.com\\\/avatar\\\/58ae59209614e7b73eb4cc76cc09ead151ab1c5db9b8df031c3781954a5d5647?s=96&d=mm&r=g\",\"url\":\"https:\\\/\\\/secure.gravatar.com\\\/avatar\\\/58ae59209614e7b73eb4cc76cc09ead151ab1c5db9b8df031c3781954a5d5647?s=96&d=mm&r=g\",\"contentUrl\":\"https:\\\/\\\/secure.gravatar.com\\\/avatar\\\/58ae59209614e7b73eb4cc76cc09ead151ab1c5db9b8df031c3781954a5d5647?s=96&d=mm&r=g\",\"caption\":\"c2351037\"},\"url\":\"https:\\\/\\\/oibca.gob.ar\\\/main\\\/author\\\/c2351037\\\/\"}]}<\/script>\n<!-- \/ Yoast SEO plugin. -->","yoast_head_json":{"title":"Concientizar sobre el dengue - OIBCA","robots":{"index":"index","follow":"follow","max-snippet":"max-snippet:-1","max-image-preview":"max-image-preview:large","max-video-preview":"max-video-preview:-1"},"canonical":"https:\/\/oibca.gob.ar\/main\/concientizar-sobre-el-dengue\/","og_locale":"es_ES","og_type":"article","og_title":"Concientizar sobre el dengue - OIBCA","og_description":"El viernes 15 de noviembre, profesionales del M\u00f3dulo Plagas-OIBCA visitaron los establecimientos educativos Instituto Santa Rosa de Lima de Olaeta y el Instituto Agrot\u00e9cnico Industrial de Chaz\u00f3n.","og_url":"https:\/\/oibca.gob.ar\/main\/concientizar-sobre-el-dengue\/","og_site_name":"OIBCA","article_published_time":"2024-11-29T13:02:00+00:00","article_modified_time":"2024-12-30T13:07:40+00:00","og_image":[{"width":1600,"height":900,"url":"https:\/\/oibca.gob.ar\/main\/wp-content\/uploads\/2024\/12\/concientizar-sobre-el-Dengue1.jpg","type":"image\/jpeg"}],"author":"c2351037","twitter_card":"summary_large_image","twitter_misc":{"Escrito por":"c2351037","Tiempo de lectura":"2 minutos"},"schema":{"@context":"https:\/\/schema.org","@graph":[{"@type":"Article","@id":"https:\/\/oibca.gob.ar\/main\/concientizar-sobre-el-dengue\/#article","isPartOf":{"@id":"https:\/\/oibca.gob.ar\/main\/concientizar-sobre-el-dengue\/"},"author":{"name":"c2351037","@id":"https:\/\/oibca.gob.ar\/main\/#\/schema\/person\/1056d8678520282d647bac14db0a6500"},"headline":"Concientizar sobre el dengue","datePublished":"2024-11-29T13:02:00+00:00","dateModified":"2024-12-30T13:07:40+00:00","mainEntityOfPage":{"@id":"https:\/\/oibca.gob.ar\/main\/concientizar-sobre-el-dengue\/"},"wordCount":158,"commentCount":0,"publisher":{"@id":"https:\/\/oibca.gob.ar\/main\/#organization"},"image":{"@id":"https:\/\/oibca.gob.ar\/main\/concientizar-sobre-el-dengue\/#primaryimage"},"thumbnailUrl":"https:\/\/oibca.gob.ar\/main\/wp-content\/uploads\/2024\/12\/concientizar-sobre-el-Dengue1.jpg","keywords":["capacitaci\u00f3n","Chaz\u00f3n","dengue","Olaeta","taller"],"articleSection":["Noticias"],"inLanguage":"es","potentialAction":[{"@type":"CommentAction","name":"Comment","target":["https:\/\/oibca.gob.ar\/main\/concientizar-sobre-el-dengue\/#respond"]}]},{"@type":"WebPage","@id":"https:\/\/oibca.gob.ar\/main\/concientizar-sobre-el-dengue\/","url":"https:\/\/oibca.gob.ar\/main\/concientizar-sobre-el-dengue\/","name":"Concientizar sobre el dengue - OIBCA","isPartOf":{"@id":"https:\/\/oibca.gob.ar\/main\/#website"},"primaryImageOfPage":{"@id":"https:\/\/oibca.gob.ar\/main\/concientizar-sobre-el-dengue\/#primaryimage"},"image":{"@id":"https:\/\/oibca.gob.ar\/main\/concientizar-sobre-el-dengue\/#primaryimage"},"thumbnailUrl":"https:\/\/oibca.gob.ar\/main\/wp-content\/uploads\/2024\/12\/concientizar-sobre-el-Dengue1.jpg","datePublished":"2024-11-29T13:02:00+00:00","dateModified":"2024-12-30T13:07:40+00:00","inLanguage":"es","potentialAction":[{"@type":"ReadAction","target":["https:\/\/oibca.gob.ar\/main\/concientizar-sobre-el-dengue\/"]}]},{"@type":"ImageObject","inLanguage":"es","@id":"https:\/\/oibca.gob.ar\/main\/concientizar-sobre-el-dengue\/#primaryimage","url":"https:\/\/oibca.gob.ar\/main\/wp-content\/uploads\/2024\/12\/concientizar-sobre-el-Dengue1.jpg","contentUrl":"https:\/\/oibca.gob.ar\/main\/wp-content\/uploads\/2024\/12\/concientizar-sobre-el-Dengue1.jpg","width":1600,"height":900},{"@type":"WebSite","@id":"https:\/\/oibca.gob.ar\/main\/#website","url":"https:\/\/oibca.gob.ar\/main\/","name":"OIBCA","description":"Organismo Intermunicipal de Bromatologia y Control Ambiental","publisher":{"@id":"https:\/\/oibca.gob.ar\/main\/#organization"},"potentialAction":[{"@type":"SearchAction","target":{"@type":"EntryPoint","urlTemplate":"https:\/\/oibca.gob.ar\/main\/?s={search_term_string}"},"query-input":{"@type":"PropertyValueSpecification","valueRequired":true,"valueName":"search_term_string"}}],"inLanguage":"es"},{"@type":"Organization","@id":"https:\/\/oibca.gob.ar\/main\/#organization","name":"OIBCA","url":"https:\/\/oibca.gob.ar\/main\/","logo":{"@type":"ImageObject","inLanguage":"es","@id":"https:\/\/oibca.gob.ar\/main\/#\/schema\/logo\/image\/","url":"https:\/\/oibca.gob.ar\/main\/wp-content\/uploads\/2022\/03\/logo-OIBCA.png","contentUrl":"https:\/\/oibca.gob.ar\/main\/wp-content\/uploads\/2022\/03\/logo-OIBCA.png","width":262,"height":244,"caption":"OIBCA"},"image":{"@id":"https:\/\/oibca.gob.ar\/main\/#\/schema\/logo\/image\/"}},{"@type":"Person","@id":"https:\/\/oibca.gob.ar\/main\/#\/schema\/person\/1056d8678520282d647bac14db0a6500","name":"c2351037","image":{"@type":"ImageObject","inLanguage":"es","@id":"https:\/\/secure.gravatar.com\/avatar\/58ae59209614e7b73eb4cc76cc09ead151ab1c5db9b8df031c3781954a5d5647?s=96&d=mm&r=g","url":"https:\/\/secure.gravatar.com\/avatar\/58ae59209614e7b73eb4cc76cc09ead151ab1c5db9b8df031c3781954a5d5647?s=96&d=mm&r=g","contentUrl":"https:\/\/secure.gravatar.com\/avatar\/58ae59209614e7b73eb4cc76cc09ead151ab1c5db9b8df031c3781954a5d5647?s=96&d=mm&r=g","caption":"c2351037"},"url":"https:\/\/oibca.gob.ar\/main\/author\/c2351037\/"}]}},"_links":{"self":[{"href":"https:\/\/oibca.gob.ar\/main\/wp-json\/wp\/v2\/posts\/1219","targetHints":{"allow":["GET"]}}],"collection":[{"href":"https:\/\/oibca.gob.ar\/main\/wp-json\/wp\/v2\/posts"}],"about":[{"href":"https:\/\/oibca.gob.ar\/main\/wp-json\/wp\/v2\/types\/post"}],"author":[{"embeddable":true,"href":"https:\/\/oibca.gob.ar\/main\/wp-json\/wp\/v2\/users\/2"}],"replies":[{"embeddable":true,"href":"https:\/\/oibca.gob.ar\/main\/wp-json\/wp\/v2\/comments?post=1219"}],"version-history":[{"count":2,"href":"https:\/\/oibca.gob.ar\/main\/wp-json\/wp\/v2\/posts\/1219\/revisions"}],"predecessor-version":[{"id":1227,"href":"https:\/\/oibca.gob.ar\/main\/wp-json\/wp\/v2\/posts\/1219\/revisions\/1227"}],"wp:featuredmedia":[{"embeddable":true,"href":"https:\/\/oibca.gob.ar\/main\/wp-json\/wp\/v2\/media\/1220"}],"wp:attachment":[{"href":"https:\/\/oibca.gob.ar\/main\/wp-json\/wp\/v2\/media?parent=1219"}],"wp:term":[{"taxonomy":"category","embeddable":true,"href":"https:\/\/oibca.gob.ar\/main\/wp-json\/wp\/v2\/categories?post=1219"},{"taxonomy":"post_tag","embeddable":true,"href":"https:\/\/oibca.gob.ar\/main\/wp-json\/wp\/v2\/tags?post=1219"}],"curies":[{"name":"wp","href":"https:\/\/api.w.org\/{rel}","templated":true}]}}