{"id":568,"date":"2022-09-01T09:51:00","date_gmt":"2022-09-01T12:51:00","guid":{"rendered":"https:\/\/oibca.gob.ar\/main\/?p=568"},"modified":"2022-09-07T09:53:05","modified_gmt":"2022-09-07T12:53:05","slug":"vacunacion-antirrabica-en-las-perdices","status":"publish","type":"post","link":"https:\/\/oibca.gob.ar\/main\/vacunacion-antirrabica-en-las-perdices\/","title":{"rendered":"Vacunaci\u00f3n antirr\u00e1bica en Las Perdices"},"content":{"rendered":"\n<figure class=\"wp-block-image size-large\"><a href=\"https:\/\/oibca.gob.ar\/main\/wp-content\/uploads\/2022\/09\/301903824_379211601053871_1930133573480057884_n.jpg\"><img fetchpriority=\"high\" decoding=\"async\" width=\"1024\" height=\"768\" src=\"https:\/\/oibca.gob.ar\/main\/wp-content\/uploads\/2022\/09\/301903824_379211601053871_1930133573480057884_n-1024x768.jpg\" alt=\"\" class=\"wp-image-569\" srcset=\"https:\/\/oibca.gob.ar\/main\/wp-content\/uploads\/2022\/09\/301903824_379211601053871_1930133573480057884_n-1024x768.jpg 1024w, https:\/\/oibca.gob.ar\/main\/wp-content\/uploads\/2022\/09\/301903824_379211601053871_1930133573480057884_n-300x225.jpg 300w, https:\/\/oibca.gob.ar\/main\/wp-content\/uploads\/2022\/09\/301903824_379211601053871_1930133573480057884_n-768x576.jpg 768w, https:\/\/oibca.gob.ar\/main\/wp-content\/uploads\/2022\/09\/301903824_379211601053871_1930133573480057884_n-1536x1152.jpg 1536w, https:\/\/oibca.gob.ar\/main\/wp-content\/uploads\/2022\/09\/301903824_379211601053871_1930133573480057884_n.jpg 1600w\" sizes=\"(max-width: 1024px) 100vw, 1024px\" \/><\/a><\/figure>\n\n\n\n<p>El s\u00e1bado 27 de agosto se desarroll\u00f3 en Las Perdices la campa\u00f1a anual de vacunaci\u00f3n antirr\u00e1bica. Durante toda la jornada trabajaron, de manera conjunta, personal de la Muni, del OIBCA, veterinarios\/as y estudiantes avanzados\/as de la carrera de medicina veterinaria de la Universidad Nacional de R\u00edo Cuarto. <img decoding=\"async\" height=\"16\" width=\"16\" alt=\"&#x1f469;&#x200d;&#x2695;&#xfe0f;\" src=\"https:\/\/static.xx.fbcdn.net\/images\/emoji.php\/v9\/t9d\/1\/16\/1f469_200d_2695.png\"><img decoding=\"async\" height=\"16\" width=\"16\" alt=\"&#x1f9d1;&#x200d;&#x2695;&#xfe0f;\" src=\"https:\/\/static.xx.fbcdn.net\/images\/emoji.php\/v9\/tac\/1\/16\/1f9d1_200d_2695.png\"><img loading=\"lazy\" decoding=\"async\" height=\"16\" width=\"16\" alt=\"&#x1f64b;&#x200d;&#x2640;&#xfe0f;\" src=\"https:\/\/static.xx.fbcdn.net\/images\/emoji.php\/v9\/taa\/1\/16\/1f64b_200d_2640.png\"><img loading=\"lazy\" decoding=\"async\" height=\"16\" width=\"16\" alt=\"&#x1f64b;\" src=\"https:\/\/static.xx.fbcdn.net\/images\/emoji.php\/v9\/t7c\/1\/16\/1f64b.png\"><\/p>\n\n\n\n<p>Compartimos algunas im\u00e1genes con los\/as protagonistas: las mascotas! <img loading=\"lazy\" decoding=\"async\" height=\"16\" width=\"16\" alt=\"&#x1f436;\" src=\"https:\/\/static.xx.fbcdn.net\/images\/emoji.php\/v9\/t2f\/1\/16\/1f436.png\"><img loading=\"lazy\" decoding=\"async\" height=\"16\" width=\"16\" alt=\"&#x1f431;\" src=\"https:\/\/static.xx.fbcdn.net\/images\/emoji.php\/v9\/taa\/1\/16\/1f431.png\"><\/p>\n\n\n\n<p><a><\/a>Recuerden que la rabia es una enfermedad viral que afecta al sistema nervioso de los mam\u00edferos, incluyendo a los seres humanos, que en la gran mayor\u00eda de los casos presenta desenlace fatal.<\/p>\n\n\n\n<p>Es una enfermedad prevenible a trav\u00e9s de la vacunaci\u00f3n, por ello no olvides vacunar a tu mascota. <img loading=\"lazy\" decoding=\"async\" height=\"16\" width=\"16\" alt=\"&#x1f489;\" src=\"https:\/\/static.xx.fbcdn.net\/images\/emoji.php\/v9\/tcd\/1\/16\/1f489.png\"><img loading=\"lazy\" decoding=\"async\" height=\"16\" width=\"16\" alt=\"&#x1fa7a;\" src=\"https:\/\/static.xx.fbcdn.net\/images\/emoji.php\/v9\/tc3\/1\/16\/1fa7a.png\"><\/p>\n\n\n\n<p>Atentos\/as que muy pronto continuamos con la campa\u00f1a en General Cabrera y Carnerillo<img loading=\"lazy\" decoding=\"async\" height=\"16\" width=\"16\" src=\"https:\/\/static.xx.fbcdn.net\/images\/emoji.php\/v9\/t77\/1\/16\/203c.png\" alt=\"&#x203c;&#xfe0f;\"><\/p>\n\n\n\n<figure class=\"wp-block-gallery has-nested-images columns-default is-cropped wp-block-gallery-1 is-layout-flex wp-block-gallery-is-layout-flex\">\n<figure class=\"wp-block-image size-large\"><a href=\"https:\/\/oibca.gob.ar\/main\/wp-content\/uploads\/2022\/09\/302419118_379211251053906_8079939826612229064_n.jpg\"><img loading=\"lazy\" decoding=\"async\" width=\"899\" height=\"1599\" data-id=\"573\" src=\"https:\/\/oibca.gob.ar\/main\/wp-content\/uploads\/2022\/09\/302419118_379211251053906_8079939826612229064_n.jpg\" alt=\"\" class=\"wp-image-573\" srcset=\"https:\/\/oibca.gob.ar\/main\/wp-content\/uploads\/2022\/09\/302419118_379211251053906_8079939826612229064_n.jpg 899w, https:\/\/oibca.gob.ar\/main\/wp-content\/uploads\/2022\/09\/302419118_379211251053906_8079939826612229064_n-169x300.jpg 169w, https:\/\/oibca.gob.ar\/main\/wp-content\/uploads\/2022\/09\/302419118_379211251053906_8079939826612229064_n-576x1024.jpg 576w, https:\/\/oibca.gob.ar\/main\/wp-content\/uploads\/2022\/09\/302419118_379211251053906_8079939826612229064_n-768x1366.jpg 768w, https:\/\/oibca.gob.ar\/main\/wp-content\/uploads\/2022\/09\/302419118_379211251053906_8079939826612229064_n-864x1536.jpg 864w\" sizes=\"(max-width: 899px) 100vw, 899px\" \/><\/a><\/figure>\n\n\n\n<figure class=\"wp-block-image size-large\"><a href=\"https:\/\/oibca.gob.ar\/main\/wp-content\/uploads\/2022\/09\/302680321_379211377720560_514367752894326756_n.jpg\"><img loading=\"lazy\" decoding=\"async\" width=\"1201\" height=\"1600\" data-id=\"575\" src=\"https:\/\/oibca.gob.ar\/main\/wp-content\/uploads\/2022\/09\/302680321_379211377720560_514367752894326756_n.jpg\" alt=\"\" class=\"wp-image-575\" srcset=\"https:\/\/oibca.gob.ar\/main\/wp-content\/uploads\/2022\/09\/302680321_379211377720560_514367752894326756_n.jpg 1201w, https:\/\/oibca.gob.ar\/main\/wp-content\/uploads\/2022\/09\/302680321_379211377720560_514367752894326756_n-225x300.jpg 225w, https:\/\/oibca.gob.ar\/main\/wp-content\/uploads\/2022\/09\/302680321_379211377720560_514367752894326756_n-769x1024.jpg 769w, https:\/\/oibca.gob.ar\/main\/wp-content\/uploads\/2022\/09\/302680321_379211377720560_514367752894326756_n-768x1023.jpg 768w, https:\/\/oibca.gob.ar\/main\/wp-content\/uploads\/2022\/09\/302680321_379211377720560_514367752894326756_n-1153x1536.jpg 1153w\" sizes=\"(max-width: 1201px) 100vw, 1201px\" \/><\/a><\/figure>\n\n\n\n<figure class=\"wp-block-image size-large\"><a href=\"https:\/\/oibca.gob.ar\/main\/wp-content\/uploads\/2022\/09\/304774153_379211314387233_4097469444464700558_n.jpg\"><img loading=\"lazy\" decoding=\"async\" width=\"1200\" height=\"1600\" data-id=\"577\" src=\"https:\/\/oibca.gob.ar\/main\/wp-content\/uploads\/2022\/09\/304774153_379211314387233_4097469444464700558_n.jpg\" alt=\"\" class=\"wp-image-577\" srcset=\"https:\/\/oibca.gob.ar\/main\/wp-content\/uploads\/2022\/09\/304774153_379211314387233_4097469444464700558_n.jpg 1200w, https:\/\/oibca.gob.ar\/main\/wp-content\/uploads\/2022\/09\/304774153_379211314387233_4097469444464700558_n-225x300.jpg 225w, https:\/\/oibca.gob.ar\/main\/wp-content\/uploads\/2022\/09\/304774153_379211314387233_4097469444464700558_n-768x1024.jpg 768w, https:\/\/oibca.gob.ar\/main\/wp-content\/uploads\/2022\/09\/304774153_379211314387233_4097469444464700558_n-1152x1536.jpg 1152w\" sizes=\"(max-width: 1200px) 100vw, 1200px\" \/><\/a><\/figure>\n\n\n\n<figure class=\"wp-block-image size-large\"><a href=\"https:\/\/oibca.gob.ar\/main\/wp-content\/uploads\/2022\/09\/304792275_379211427720555_7566802061757570937_n.jpg\"><img loading=\"lazy\" decoding=\"async\" width=\"960\" height=\"1280\" data-id=\"578\" src=\"https:\/\/oibca.gob.ar\/main\/wp-content\/uploads\/2022\/09\/304792275_379211427720555_7566802061757570937_n.jpg\" alt=\"\" class=\"wp-image-578\" srcset=\"https:\/\/oibca.gob.ar\/main\/wp-content\/uploads\/2022\/09\/304792275_379211427720555_7566802061757570937_n.jpg 960w, https:\/\/oibca.gob.ar\/main\/wp-content\/uploads\/2022\/09\/304792275_379211427720555_7566802061757570937_n-225x300.jpg 225w, https:\/\/oibca.gob.ar\/main\/wp-content\/uploads\/2022\/09\/304792275_379211427720555_7566802061757570937_n-768x1024.jpg 768w\" sizes=\"(max-width: 960px) 100vw, 960px\" \/><\/a><\/figure>\n\n\n\n<figure class=\"wp-block-image size-large\"><a href=\"https:\/\/oibca.gob.ar\/main\/wp-content\/uploads\/2022\/09\/301520216_379211231053908_7068047906815148965_n.jpg\"><img loading=\"lazy\" decoding=\"async\" width=\"899\" height=\"1599\" data-id=\"579\" src=\"https:\/\/oibca.gob.ar\/main\/wp-content\/uploads\/2022\/09\/301520216_379211231053908_7068047906815148965_n.jpg\" alt=\"\" class=\"wp-image-579\" srcset=\"https:\/\/oibca.gob.ar\/main\/wp-content\/uploads\/2022\/09\/301520216_379211231053908_7068047906815148965_n.jpg 899w, https:\/\/oibca.gob.ar\/main\/wp-content\/uploads\/2022\/09\/301520216_379211231053908_7068047906815148965_n-169x300.jpg 169w, https:\/\/oibca.gob.ar\/main\/wp-content\/uploads\/2022\/09\/301520216_379211231053908_7068047906815148965_n-576x1024.jpg 576w, https:\/\/oibca.gob.ar\/main\/wp-content\/uploads\/2022\/09\/301520216_379211231053908_7068047906815148965_n-768x1366.jpg 768w, https:\/\/oibca.gob.ar\/main\/wp-content\/uploads\/2022\/09\/301520216_379211231053908_7068047906815148965_n-864x1536.jpg 864w\" sizes=\"(max-width: 899px) 100vw, 899px\" \/><\/a><\/figure>\n\n\n\n<figure class=\"wp-block-image size-large\"><a href=\"https:\/\/oibca.gob.ar\/main\/wp-content\/uploads\/2022\/09\/301915135_379211557720542_1355191331576600772_n.jpg\"><img loading=\"lazy\" decoding=\"async\" width=\"899\" height=\"1599\" data-id=\"570\" src=\"https:\/\/oibca.gob.ar\/main\/wp-content\/uploads\/2022\/09\/301915135_379211557720542_1355191331576600772_n.jpg\" alt=\"\" class=\"wp-image-570\" srcset=\"https:\/\/oibca.gob.ar\/main\/wp-content\/uploads\/2022\/09\/301915135_379211557720542_1355191331576600772_n.jpg 899w, https:\/\/oibca.gob.ar\/main\/wp-content\/uploads\/2022\/09\/301915135_379211557720542_1355191331576600772_n-169x300.jpg 169w, https:\/\/oibca.gob.ar\/main\/wp-content\/uploads\/2022\/09\/301915135_379211557720542_1355191331576600772_n-576x1024.jpg 576w, https:\/\/oibca.gob.ar\/main\/wp-content\/uploads\/2022\/09\/301915135_379211557720542_1355191331576600772_n-768x1366.jpg 768w, https:\/\/oibca.gob.ar\/main\/wp-content\/uploads\/2022\/09\/301915135_379211557720542_1355191331576600772_n-864x1536.jpg 864w\" sizes=\"(max-width: 899px) 100vw, 899px\" \/><\/a><\/figure>\n\n\n\n<figure class=\"wp-block-image size-large\"><a href=\"https:\/\/oibca.gob.ar\/main\/wp-content\/uploads\/2022\/09\/302133427_379211531053878_8486997320959849242_n.jpg\"><img loading=\"lazy\" decoding=\"async\" width=\"960\" height=\"1280\" data-id=\"571\" src=\"https:\/\/oibca.gob.ar\/main\/wp-content\/uploads\/2022\/09\/302133427_379211531053878_8486997320959849242_n.jpg\" alt=\"\" class=\"wp-image-571\" srcset=\"https:\/\/oibca.gob.ar\/main\/wp-content\/uploads\/2022\/09\/302133427_379211531053878_8486997320959849242_n.jpg 960w, https:\/\/oibca.gob.ar\/main\/wp-content\/uploads\/2022\/09\/302133427_379211531053878_8486997320959849242_n-225x300.jpg 225w, https:\/\/oibca.gob.ar\/main\/wp-content\/uploads\/2022\/09\/302133427_379211531053878_8486997320959849242_n-768x1024.jpg 768w\" sizes=\"(max-width: 960px) 100vw, 960px\" \/><\/a><\/figure>\n\n\n\n<figure class=\"wp-block-image size-large\"><a href=\"https:\/\/oibca.gob.ar\/main\/wp-content\/uploads\/2022\/09\/302233208_379211324387232_827212927343270678_n.jpg\"><img loading=\"lazy\" decoding=\"async\" width=\"960\" height=\"1280\" data-id=\"572\" src=\"https:\/\/oibca.gob.ar\/main\/wp-content\/uploads\/2022\/09\/302233208_379211324387232_827212927343270678_n.jpg\" alt=\"\" class=\"wp-image-572\" srcset=\"https:\/\/oibca.gob.ar\/main\/wp-content\/uploads\/2022\/09\/302233208_379211324387232_827212927343270678_n.jpg 960w, https:\/\/oibca.gob.ar\/main\/wp-content\/uploads\/2022\/09\/302233208_379211324387232_827212927343270678_n-225x300.jpg 225w, https:\/\/oibca.gob.ar\/main\/wp-content\/uploads\/2022\/09\/302233208_379211324387232_827212927343270678_n-768x1024.jpg 768w\" sizes=\"(max-width: 960px) 100vw, 960px\" \/><\/a><\/figure>\n\n\n\n<figure class=\"wp-block-image size-large\"><a href=\"https:\/\/oibca.gob.ar\/main\/wp-content\/uploads\/2022\/09\/302468843_379211451053886_3809907395232604994_n.jpg\"><img loading=\"lazy\" decoding=\"async\" width=\"1200\" height=\"1600\" data-id=\"574\" src=\"https:\/\/oibca.gob.ar\/main\/wp-content\/uploads\/2022\/09\/302468843_379211451053886_3809907395232604994_n.jpg\" alt=\"\" class=\"wp-image-574\" srcset=\"https:\/\/oibca.gob.ar\/main\/wp-content\/uploads\/2022\/09\/302468843_379211451053886_3809907395232604994_n.jpg 1200w, https:\/\/oibca.gob.ar\/main\/wp-content\/uploads\/2022\/09\/302468843_379211451053886_3809907395232604994_n-225x300.jpg 225w, https:\/\/oibca.gob.ar\/main\/wp-content\/uploads\/2022\/09\/302468843_379211451053886_3809907395232604994_n-768x1024.jpg 768w, https:\/\/oibca.gob.ar\/main\/wp-content\/uploads\/2022\/09\/302468843_379211451053886_3809907395232604994_n-1152x1536.jpg 1152w\" sizes=\"(max-width: 1200px) 100vw, 1200px\" \/><\/a><\/figure>\n\n\n\n<figure class=\"wp-block-image size-large\"><a href=\"https:\/\/oibca.gob.ar\/main\/wp-content\/uploads\/2022\/09\/303435155_379211234387241_3204191947918315720_n.jpg\"><img loading=\"lazy\" decoding=\"async\" width=\"1280\" height=\"960\" data-id=\"576\" src=\"https:\/\/oibca.gob.ar\/main\/wp-content\/uploads\/2022\/09\/303435155_379211234387241_3204191947918315720_n.jpg\" alt=\"\" class=\"wp-image-576\" srcset=\"https:\/\/oibca.gob.ar\/main\/wp-content\/uploads\/2022\/09\/303435155_379211234387241_3204191947918315720_n.jpg 1280w, https:\/\/oibca.gob.ar\/main\/wp-content\/uploads\/2022\/09\/303435155_379211234387241_3204191947918315720_n-300x225.jpg 300w, https:\/\/oibca.gob.ar\/main\/wp-content\/uploads\/2022\/09\/303435155_379211234387241_3204191947918315720_n-1024x768.jpg 1024w, https:\/\/oibca.gob.ar\/main\/wp-content\/uploads\/2022\/09\/303435155_379211234387241_3204191947918315720_n-768x576.jpg 768w\" sizes=\"(max-width: 1280px) 100vw, 1280px\" \/><\/a><\/figure>\n<\/figure>\n","protected":false},"excerpt":{"rendered":"<p>El s\u00e1bado 27 de agosto se desarroll\u00f3 en Las Perdices la campa\u00f1a anual de vacunaci\u00f3n antirr\u00e1bica. <\/p>\n","protected":false},"author":2,"featured_media":569,"comment_status":"closed","ping_status":"closed","sticky":false,"template":"","format":"standard","meta":{"site-sidebar-layout":"default","site-content-layout":"","ast-site-content-layout":"default","site-content-style":"default","site-sidebar-style":"default","ast-global-header-display":"","ast-banner-title-visibility":"","ast-main-header-display":"","ast-hfb-above-header-display":"","ast-hfb-below-header-display":"","ast-hfb-mobile-header-display":"","site-post-title":"","ast-breadcrumbs-content":"","ast-featured-img":"","footer-sml-layout":"","ast-disable-related-posts":"","theme-transparent-header-meta":"","adv-header-id-meta":"","stick-header-meta":"","header-above-stick-meta":"","header-main-stick-meta":"","header-below-stick-meta":"","astra-migrate-meta-layouts":"default","ast-page-background-enabled":"default","ast-page-background-meta":{"desktop":{"background-color":"var(--ast-global-color-4)","background-image":"","background-repeat":"repeat","background-position":"center center","background-size":"auto","background-attachment":"scroll","background-type":"","background-media":"","overlay-type":"","overlay-color":"","overlay-opacity":"","overlay-gradient":""},"tablet":{"background-color":"","background-image":"","background-repeat":"repeat","background-position":"center center","background-size":"auto","background-attachment":"scroll","background-type":"","background-media":"","overlay-type":"","overlay-color":"","overlay-opacity":"","overlay-gradient":""},"mobile":{"background-color":"","background-image":"","background-repeat":"repeat","background-position":"center center","background-size":"auto","background-attachment":"scroll","background-type":"","background-media":"","overlay-type":"","overlay-color":"","overlay-opacity":"","overlay-gradient":""}},"ast-content-background-meta":{"desktop":{"background-color":"var(--ast-global-color-5)","background-image":"","background-repeat":"repeat","background-position":"center center","background-size":"auto","background-attachment":"scroll","background-type":"","background-media":"","overlay-type":"","overlay-color":"","overlay-opacity":"","overlay-gradient":""},"tablet":{"background-color":"var(--ast-global-color-5)","background-image":"","background-repeat":"repeat","background-position":"center center","background-size":"auto","background-attachment":"scroll","background-type":"","background-media":"","overlay-type":"","overlay-color":"","overlay-opacity":"","overlay-gradient":""},"mobile":{"background-color":"var(--ast-global-color-5)","background-image":"","background-repeat":"repeat","background-position":"center center","background-size":"auto","background-attachment":"scroll","background-type":"","background-media":"","overlay-type":"","overlay-color":"","overlay-opacity":"","overlay-gradient":""}},"footnotes":""},"categories":[7],"tags":[8,13,11,14],"class_list":["post-568","post","type-post","status-publish","format-standard","has-post-thumbnail","hentry","category-noticias","tag-control","tag-mascotas","tag-quirofano-movil","tag-tenencia-responsable"],"yoast_head":"<!-- This site is optimized with the Yoast SEO plugin v27.4 - https:\/\/yoast.com\/product\/yoast-seo-wordpress\/ -->\n<title>Vacunaci\u00f3n antirr\u00e1bica en Las Perdices - OIBCA<\/title>\n<meta name=\"robots\" content=\"index, follow, max-snippet:-1, max-image-preview:large, max-video-preview:-1\" \/>\n<link rel=\"canonical\" href=\"https:\/\/oibca.gob.ar\/main\/vacunacion-antirrabica-en-las-perdices\/\" \/>\n<meta property=\"og:locale\" content=\"es_ES\" \/>\n<meta property=\"og:type\" content=\"article\" \/>\n<meta property=\"og:title\" content=\"Vacunaci\u00f3n antirr\u00e1bica en Las Perdices - OIBCA\" \/>\n<meta property=\"og:description\" content=\"El s\u00e1bado 27 de agosto se desarroll\u00f3 en Las Perdices la campa\u00f1a anual de vacunaci\u00f3n antirr\u00e1bica.\" \/>\n<meta property=\"og:url\" content=\"https:\/\/oibca.gob.ar\/main\/vacunacion-antirrabica-en-las-perdices\/\" \/>\n<meta property=\"og:site_name\" content=\"OIBCA\" \/>\n<meta property=\"article:published_time\" content=\"2022-09-01T12:51:00+00:00\" \/>\n<meta property=\"article:modified_time\" content=\"2022-09-07T12:53:05+00:00\" \/>\n<meta property=\"og:image\" content=\"https:\/\/oibca.gob.ar\/main\/wp-content\/uploads\/2022\/09\/301903824_379211601053871_1930133573480057884_n.jpg\" \/>\n\t<meta property=\"og:image:width\" content=\"1600\" \/>\n\t<meta property=\"og:image:height\" content=\"1200\" \/>\n\t<meta property=\"og:image:type\" content=\"image\/jpeg\" \/>\n<meta name=\"author\" content=\"c2351037\" \/>\n<meta name=\"twitter:card\" content=\"summary_large_image\" \/>\n<meta name=\"twitter:label1\" content=\"Escrito por\" \/>\n\t<meta name=\"twitter:data1\" content=\"c2351037\" \/>\n\t<meta name=\"twitter:label2\" content=\"Tiempo de lectura\" \/>\n\t<meta name=\"twitter:data2\" content=\"5 minutos\" \/>\n<script type=\"application\/ld+json\" class=\"yoast-schema-graph\">{\"@context\":\"https:\\\/\\\/schema.org\",\"@graph\":[{\"@type\":\"Article\",\"@id\":\"https:\\\/\\\/oibca.gob.ar\\\/main\\\/vacunacion-antirrabica-en-las-perdices\\\/#article\",\"isPartOf\":{\"@id\":\"https:\\\/\\\/oibca.gob.ar\\\/main\\\/vacunacion-antirrabica-en-las-perdices\\\/\"},\"author\":{\"name\":\"c2351037\",\"@id\":\"https:\\\/\\\/oibca.gob.ar\\\/main\\\/#\\\/schema\\\/person\\\/1056d8678520282d647bac14db0a6500\"},\"headline\":\"Vacunaci\u00f3n antirr\u00e1bica en Las Perdices\",\"datePublished\":\"2022-09-01T12:51:00+00:00\",\"dateModified\":\"2022-09-07T12:53:05+00:00\",\"mainEntityOfPage\":{\"@id\":\"https:\\\/\\\/oibca.gob.ar\\\/main\\\/vacunacion-antirrabica-en-las-perdices\\\/\"},\"wordCount\":138,\"publisher\":{\"@id\":\"https:\\\/\\\/oibca.gob.ar\\\/main\\\/#organization\"},\"image\":{\"@id\":\"https:\\\/\\\/oibca.gob.ar\\\/main\\\/vacunacion-antirrabica-en-las-perdices\\\/#primaryimage\"},\"thumbnailUrl\":\"https:\\\/\\\/oibca.gob.ar\\\/main\\\/wp-content\\\/uploads\\\/2022\\\/09\\\/301903824_379211601053871_1930133573480057884_n.jpg\",\"keywords\":[\"Control\",\"mascotas\",\"Quir\u00f3fano m\u00f3vil\",\"tenencia responsable\"],\"articleSection\":[\"Noticias\"],\"inLanguage\":\"es\"},{\"@type\":\"WebPage\",\"@id\":\"https:\\\/\\\/oibca.gob.ar\\\/main\\\/vacunacion-antirrabica-en-las-perdices\\\/\",\"url\":\"https:\\\/\\\/oibca.gob.ar\\\/main\\\/vacunacion-antirrabica-en-las-perdices\\\/\",\"name\":\"Vacunaci\u00f3n antirr\u00e1bica en Las Perdices - OIBCA\",\"isPartOf\":{\"@id\":\"https:\\\/\\\/oibca.gob.ar\\\/main\\\/#website\"},\"primaryImageOfPage\":{\"@id\":\"https:\\\/\\\/oibca.gob.ar\\\/main\\\/vacunacion-antirrabica-en-las-perdices\\\/#primaryimage\"},\"image\":{\"@id\":\"https:\\\/\\\/oibca.gob.ar\\\/main\\\/vacunacion-antirrabica-en-las-perdices\\\/#primaryimage\"},\"thumbnailUrl\":\"https:\\\/\\\/oibca.gob.ar\\\/main\\\/wp-content\\\/uploads\\\/2022\\\/09\\\/301903824_379211601053871_1930133573480057884_n.jpg\",\"datePublished\":\"2022-09-01T12:51:00+00:00\",\"dateModified\":\"2022-09-07T12:53:05+00:00\",\"inLanguage\":\"es\",\"potentialAction\":[{\"@type\":\"ReadAction\",\"target\":[\"https:\\\/\\\/oibca.gob.ar\\\/main\\\/vacunacion-antirrabica-en-las-perdices\\\/\"]}]},{\"@type\":\"ImageObject\",\"inLanguage\":\"es\",\"@id\":\"https:\\\/\\\/oibca.gob.ar\\\/main\\\/vacunacion-antirrabica-en-las-perdices\\\/#primaryimage\",\"url\":\"https:\\\/\\\/oibca.gob.ar\\\/main\\\/wp-content\\\/uploads\\\/2022\\\/09\\\/301903824_379211601053871_1930133573480057884_n.jpg\",\"contentUrl\":\"https:\\\/\\\/oibca.gob.ar\\\/main\\\/wp-content\\\/uploads\\\/2022\\\/09\\\/301903824_379211601053871_1930133573480057884_n.jpg\",\"width\":1600,\"height\":1200},{\"@type\":\"WebSite\",\"@id\":\"https:\\\/\\\/oibca.gob.ar\\\/main\\\/#website\",\"url\":\"https:\\\/\\\/oibca.gob.ar\\\/main\\\/\",\"name\":\"OIBCA\",\"description\":\"Organismo Intermunicipal de Bromatologia y Control Ambiental\",\"publisher\":{\"@id\":\"https:\\\/\\\/oibca.gob.ar\\\/main\\\/#organization\"},\"potentialAction\":[{\"@type\":\"SearchAction\",\"target\":{\"@type\":\"EntryPoint\",\"urlTemplate\":\"https:\\\/\\\/oibca.gob.ar\\\/main\\\/?s={search_term_string}\"},\"query-input\":{\"@type\":\"PropertyValueSpecification\",\"valueRequired\":true,\"valueName\":\"search_term_string\"}}],\"inLanguage\":\"es\"},{\"@type\":\"Organization\",\"@id\":\"https:\\\/\\\/oibca.gob.ar\\\/main\\\/#organization\",\"name\":\"OIBCA\",\"url\":\"https:\\\/\\\/oibca.gob.ar\\\/main\\\/\",\"logo\":{\"@type\":\"ImageObject\",\"inLanguage\":\"es\",\"@id\":\"https:\\\/\\\/oibca.gob.ar\\\/main\\\/#\\\/schema\\\/logo\\\/image\\\/\",\"url\":\"https:\\\/\\\/oibca.gob.ar\\\/main\\\/wp-content\\\/uploads\\\/2022\\\/03\\\/logo-OIBCA.png\",\"contentUrl\":\"https:\\\/\\\/oibca.gob.ar\\\/main\\\/wp-content\\\/uploads\\\/2022\\\/03\\\/logo-OIBCA.png\",\"width\":262,\"height\":244,\"caption\":\"OIBCA\"},\"image\":{\"@id\":\"https:\\\/\\\/oibca.gob.ar\\\/main\\\/#\\\/schema\\\/logo\\\/image\\\/\"}},{\"@type\":\"Person\",\"@id\":\"https:\\\/\\\/oibca.gob.ar\\\/main\\\/#\\\/schema\\\/person\\\/1056d8678520282d647bac14db0a6500\",\"name\":\"c2351037\",\"image\":{\"@type\":\"ImageObject\",\"inLanguage\":\"es\",\"@id\":\"https:\\\/\\\/secure.gravatar.com\\\/avatar\\\/58ae59209614e7b73eb4cc76cc09ead151ab1c5db9b8df031c3781954a5d5647?s=96&d=mm&r=g\",\"url\":\"https:\\\/\\\/secure.gravatar.com\\\/avatar\\\/58ae59209614e7b73eb4cc76cc09ead151ab1c5db9b8df031c3781954a5d5647?s=96&d=mm&r=g\",\"contentUrl\":\"https:\\\/\\\/secure.gravatar.com\\\/avatar\\\/58ae59209614e7b73eb4cc76cc09ead151ab1c5db9b8df031c3781954a5d5647?s=96&d=mm&r=g\",\"caption\":\"c2351037\"},\"url\":\"https:\\\/\\\/oibca.gob.ar\\\/main\\\/author\\\/c2351037\\\/\"}]}<\/script>\n<!-- \/ Yoast SEO plugin. -->","yoast_head_json":{"title":"Vacunaci\u00f3n antirr\u00e1bica en Las Perdices - OIBCA","robots":{"index":"index","follow":"follow","max-snippet":"max-snippet:-1","max-image-preview":"max-image-preview:large","max-video-preview":"max-video-preview:-1"},"canonical":"https:\/\/oibca.gob.ar\/main\/vacunacion-antirrabica-en-las-perdices\/","og_locale":"es_ES","og_type":"article","og_title":"Vacunaci\u00f3n antirr\u00e1bica en Las Perdices - OIBCA","og_description":"El s\u00e1bado 27 de agosto se desarroll\u00f3 en Las Perdices la campa\u00f1a anual de vacunaci\u00f3n antirr\u00e1bica.","og_url":"https:\/\/oibca.gob.ar\/main\/vacunacion-antirrabica-en-las-perdices\/","og_site_name":"OIBCA","article_published_time":"2022-09-01T12:51:00+00:00","article_modified_time":"2022-09-07T12:53:05+00:00","og_image":[{"width":1600,"height":1200,"url":"https:\/\/oibca.gob.ar\/main\/wp-content\/uploads\/2022\/09\/301903824_379211601053871_1930133573480057884_n.jpg","type":"image\/jpeg"}],"author":"c2351037","twitter_card":"summary_large_image","twitter_misc":{"Escrito por":"c2351037","Tiempo de lectura":"5 minutos"},"schema":{"@context":"https:\/\/schema.org","@graph":[{"@type":"Article","@id":"https:\/\/oibca.gob.ar\/main\/vacunacion-antirrabica-en-las-perdices\/#article","isPartOf":{"@id":"https:\/\/oibca.gob.ar\/main\/vacunacion-antirrabica-en-las-perdices\/"},"author":{"name":"c2351037","@id":"https:\/\/oibca.gob.ar\/main\/#\/schema\/person\/1056d8678520282d647bac14db0a6500"},"headline":"Vacunaci\u00f3n antirr\u00e1bica en Las Perdices","datePublished":"2022-09-01T12:51:00+00:00","dateModified":"2022-09-07T12:53:05+00:00","mainEntityOfPage":{"@id":"https:\/\/oibca.gob.ar\/main\/vacunacion-antirrabica-en-las-perdices\/"},"wordCount":138,"publisher":{"@id":"https:\/\/oibca.gob.ar\/main\/#organization"},"image":{"@id":"https:\/\/oibca.gob.ar\/main\/vacunacion-antirrabica-en-las-perdices\/#primaryimage"},"thumbnailUrl":"https:\/\/oibca.gob.ar\/main\/wp-content\/uploads\/2022\/09\/301903824_379211601053871_1930133573480057884_n.jpg","keywords":["Control","mascotas","Quir\u00f3fano m\u00f3vil","tenencia responsable"],"articleSection":["Noticias"],"inLanguage":"es"},{"@type":"WebPage","@id":"https:\/\/oibca.gob.ar\/main\/vacunacion-antirrabica-en-las-perdices\/","url":"https:\/\/oibca.gob.ar\/main\/vacunacion-antirrabica-en-las-perdices\/","name":"Vacunaci\u00f3n antirr\u00e1bica en Las Perdices - OIBCA","isPartOf":{"@id":"https:\/\/oibca.gob.ar\/main\/#website"},"primaryImageOfPage":{"@id":"https:\/\/oibca.gob.ar\/main\/vacunacion-antirrabica-en-las-perdices\/#primaryimage"},"image":{"@id":"https:\/\/oibca.gob.ar\/main\/vacunacion-antirrabica-en-las-perdices\/#primaryimage"},"thumbnailUrl":"https:\/\/oibca.gob.ar\/main\/wp-content\/uploads\/2022\/09\/301903824_379211601053871_1930133573480057884_n.jpg","datePublished":"2022-09-01T12:51:00+00:00","dateModified":"2022-09-07T12:53:05+00:00","inLanguage":"es","potentialAction":[{"@type":"ReadAction","target":["https:\/\/oibca.gob.ar\/main\/vacunacion-antirrabica-en-las-perdices\/"]}]},{"@type":"ImageObject","inLanguage":"es","@id":"https:\/\/oibca.gob.ar\/main\/vacunacion-antirrabica-en-las-perdices\/#primaryimage","url":"https:\/\/oibca.gob.ar\/main\/wp-content\/uploads\/2022\/09\/301903824_379211601053871_1930133573480057884_n.jpg","contentUrl":"https:\/\/oibca.gob.ar\/main\/wp-content\/uploads\/2022\/09\/301903824_379211601053871_1930133573480057884_n.jpg","width":1600,"height":1200},{"@type":"WebSite","@id":"https:\/\/oibca.gob.ar\/main\/#website","url":"https:\/\/oibca.gob.ar\/main\/","name":"OIBCA","description":"Organismo Intermunicipal de Bromatologia y Control Ambiental","publisher":{"@id":"https:\/\/oibca.gob.ar\/main\/#organization"},"potentialAction":[{"@type":"SearchAction","target":{"@type":"EntryPoint","urlTemplate":"https:\/\/oibca.gob.ar\/main\/?s={search_term_string}"},"query-input":{"@type":"PropertyValueSpecification","valueRequired":true,"valueName":"search_term_string"}}],"inLanguage":"es"},{"@type":"Organization","@id":"https:\/\/oibca.gob.ar\/main\/#organization","name":"OIBCA","url":"https:\/\/oibca.gob.ar\/main\/","logo":{"@type":"ImageObject","inLanguage":"es","@id":"https:\/\/oibca.gob.ar\/main\/#\/schema\/logo\/image\/","url":"https:\/\/oibca.gob.ar\/main\/wp-content\/uploads\/2022\/03\/logo-OIBCA.png","contentUrl":"https:\/\/oibca.gob.ar\/main\/wp-content\/uploads\/2022\/03\/logo-OIBCA.png","width":262,"height":244,"caption":"OIBCA"},"image":{"@id":"https:\/\/oibca.gob.ar\/main\/#\/schema\/logo\/image\/"}},{"@type":"Person","@id":"https:\/\/oibca.gob.ar\/main\/#\/schema\/person\/1056d8678520282d647bac14db0a6500","name":"c2351037","image":{"@type":"ImageObject","inLanguage":"es","@id":"https:\/\/secure.gravatar.com\/avatar\/58ae59209614e7b73eb4cc76cc09ead151ab1c5db9b8df031c3781954a5d5647?s=96&d=mm&r=g","url":"https:\/\/secure.gravatar.com\/avatar\/58ae59209614e7b73eb4cc76cc09ead151ab1c5db9b8df031c3781954a5d5647?s=96&d=mm&r=g","contentUrl":"https:\/\/secure.gravatar.com\/avatar\/58ae59209614e7b73eb4cc76cc09ead151ab1c5db9b8df031c3781954a5d5647?s=96&d=mm&r=g","caption":"c2351037"},"url":"https:\/\/oibca.gob.ar\/main\/author\/c2351037\/"}]}},"_links":{"self":[{"href":"https:\/\/oibca.gob.ar\/main\/wp-json\/wp\/v2\/posts\/568","targetHints":{"allow":["GET"]}}],"collection":[{"href":"https:\/\/oibca.gob.ar\/main\/wp-json\/wp\/v2\/posts"}],"about":[{"href":"https:\/\/oibca.gob.ar\/main\/wp-json\/wp\/v2\/types\/post"}],"author":[{"embeddable":true,"href":"https:\/\/oibca.gob.ar\/main\/wp-json\/wp\/v2\/users\/2"}],"replies":[{"embeddable":true,"href":"https:\/\/oibca.gob.ar\/main\/wp-json\/wp\/v2\/comments?post=568"}],"version-history":[{"count":1,"href":"https:\/\/oibca.gob.ar\/main\/wp-json\/wp\/v2\/posts\/568\/revisions"}],"predecessor-version":[{"id":580,"href":"https:\/\/oibca.gob.ar\/main\/wp-json\/wp\/v2\/posts\/568\/revisions\/580"}],"wp:featuredmedia":[{"embeddable":true,"href":"https:\/\/oibca.gob.ar\/main\/wp-json\/wp\/v2\/media\/569"}],"wp:attachment":[{"href":"https:\/\/oibca.gob.ar\/main\/wp-json\/wp\/v2\/media?parent=568"}],"wp:term":[{"taxonomy":"category","embeddable":true,"href":"https:\/\/oibca.gob.ar\/main\/wp-json\/wp\/v2\/categories?post=568"},{"taxonomy":"post_tag","embeddable":true,"href":"https:\/\/oibca.gob.ar\/main\/wp-json\/wp\/v2\/tags?post=568"}],"curies":[{"name":"wp","href":"https:\/\/api.w.org\/{rel}","templated":true}]}}