{"id":629,"date":"2022-11-18T07:31:00","date_gmt":"2022-11-18T10:31:00","guid":{"rendered":"https:\/\/oibca.gob.ar\/main\/?p=629"},"modified":"2022-12-01T09:31:47","modified_gmt":"2022-12-01T12:31:47","slug":"capacitacion-en-rcp-y-uso-de-dea-en-general-deheza","status":"publish","type":"post","link":"https:\/\/oibca.gob.ar\/main\/capacitacion-en-rcp-y-uso-de-dea-en-general-deheza\/","title":{"rendered":"Capacitaci\u00f3n en RCP y uso de DEA en General Deheza"},"content":{"rendered":"\n<figure class=\"wp-block-image size-large\"><a href=\"https:\/\/oibca.gob.ar\/main\/wp-content\/uploads\/2022\/12\/Capacitacion-en-RCP-y-uso-de-DEA-en-General-Deheza1.jpg\"><img fetchpriority=\"high\" decoding=\"async\" width=\"1024\" height=\"768\" src=\"https:\/\/oibca.gob.ar\/main\/wp-content\/uploads\/2022\/12\/Capacitacion-en-RCP-y-uso-de-DEA-en-General-Deheza1-1024x768.jpg\" alt=\"Capacitaci\u00f3n en RCP y uso de DEA en General Deheza\" class=\"wp-image-630\" srcset=\"https:\/\/oibca.gob.ar\/main\/wp-content\/uploads\/2022\/12\/Capacitacion-en-RCP-y-uso-de-DEA-en-General-Deheza1-1024x768.jpg 1024w, https:\/\/oibca.gob.ar\/main\/wp-content\/uploads\/2022\/12\/Capacitacion-en-RCP-y-uso-de-DEA-en-General-Deheza1-300x225.jpg 300w, https:\/\/oibca.gob.ar\/main\/wp-content\/uploads\/2022\/12\/Capacitacion-en-RCP-y-uso-de-DEA-en-General-Deheza1-768x576.jpg 768w, https:\/\/oibca.gob.ar\/main\/wp-content\/uploads\/2022\/12\/Capacitacion-en-RCP-y-uso-de-DEA-en-General-Deheza1-1536x1152.jpg 1536w, https:\/\/oibca.gob.ar\/main\/wp-content\/uploads\/2022\/12\/Capacitacion-en-RCP-y-uso-de-DEA-en-General-Deheza1.jpg 1600w\" sizes=\"(max-width: 1024px) 100vw, 1024px\" \/><\/a><\/figure>\n\n\n\n<p>El mi\u00e9rcoles 16 de noviembre se realiz\u00f3 en General Deheza una nueva capacitaci\u00f3n en RCP (Reanimaci\u00f3n Cardiopulmonar) y Uso del DEA (Desfribrilador Externo Autom\u00e1tico).<\/p>\n\n\n\n<p>Este encuentro se desarroll\u00f3 en el marco del programa \u201cCiudad Cardioprotegida\u201d de la Secretar\u00eda de Desarrollo Social y Salud de la Municipalidad. En esta oportunidad estuvo dirigida al personal del Corral\u00f3n Municipal y a cargo del Lic. Julio Godoy, que hizo un <a><\/a>abordaje de conceptos te\u00f3ricos sobre RCP, primeros auxilios y an\u00e1lisis de diversas situaciones. Tambi\u00e9n se pusieron en pr\u00e1ctica las maniobras correspondientes para realizar la intervenci\u00f3n.<\/p>\n\n\n\n<p>Aprovechamos para contarles que en julio de este a\u00f1o se reglament\u00f3 a nivel nacional la ley N\u00b027.159 de \u201cPrevenci\u00f3n Integral de la Muerte S\u00fabita\u201d. La misma fue sancionada en 2015 y tiene por objetivo regular un sistema de prevenci\u00f3n integral de eventos por muerte s\u00fabita en espacios p\u00fablicos y privados de acceso p\u00fablico.<\/p>\n\n\n\n<p>Celebramos que se generen estos espacios de concientizaci\u00f3n y capacitaci\u00f3n porque la difusi\u00f3n de estos conocimientos es un eslab\u00f3n important\u00edsimo para evitar y reducir la morbimortalidad s\u00fabita de origen cardiovascular.<\/p>\n\n\n\n<figure class=\"wp-block-gallery has-nested-images columns-default is-cropped wp-block-gallery-1 is-layout-flex wp-block-gallery-is-layout-flex\">\n<figure class=\"wp-block-image size-large\"><a href=\"https:\/\/oibca.gob.ar\/main\/wp-content\/uploads\/2022\/12\/Capacitacion-en-RCP-y-uso-de-DEA-en-General-Deheza2.jpg\"><img decoding=\"async\" width=\"1024\" height=\"768\" data-id=\"632\" src=\"https:\/\/oibca.gob.ar\/main\/wp-content\/uploads\/2022\/12\/Capacitacion-en-RCP-y-uso-de-DEA-en-General-Deheza2-1024x768.jpg\" alt=\"\" class=\"wp-image-632\" srcset=\"https:\/\/oibca.gob.ar\/main\/wp-content\/uploads\/2022\/12\/Capacitacion-en-RCP-y-uso-de-DEA-en-General-Deheza2-1024x768.jpg 1024w, https:\/\/oibca.gob.ar\/main\/wp-content\/uploads\/2022\/12\/Capacitacion-en-RCP-y-uso-de-DEA-en-General-Deheza2-300x225.jpg 300w, https:\/\/oibca.gob.ar\/main\/wp-content\/uploads\/2022\/12\/Capacitacion-en-RCP-y-uso-de-DEA-en-General-Deheza2-768x576.jpg 768w, https:\/\/oibca.gob.ar\/main\/wp-content\/uploads\/2022\/12\/Capacitacion-en-RCP-y-uso-de-DEA-en-General-Deheza2-1536x1152.jpg 1536w, https:\/\/oibca.gob.ar\/main\/wp-content\/uploads\/2022\/12\/Capacitacion-en-RCP-y-uso-de-DEA-en-General-Deheza2.jpg 1600w\" sizes=\"(max-width: 1024px) 100vw, 1024px\" \/><\/a><\/figure>\n\n\n\n<figure class=\"wp-block-image size-large\"><a href=\"https:\/\/oibca.gob.ar\/main\/wp-content\/uploads\/2022\/12\/Capacitacion-en-RCP-y-uso-de-DEA-en-General-Deheza3.jpg\"><img decoding=\"async\" width=\"768\" height=\"1024\" data-id=\"633\" src=\"https:\/\/oibca.gob.ar\/main\/wp-content\/uploads\/2022\/12\/Capacitacion-en-RCP-y-uso-de-DEA-en-General-Deheza3-768x1024.jpg\" alt=\"\" class=\"wp-image-633\" srcset=\"https:\/\/oibca.gob.ar\/main\/wp-content\/uploads\/2022\/12\/Capacitacion-en-RCP-y-uso-de-DEA-en-General-Deheza3-768x1024.jpg 768w, https:\/\/oibca.gob.ar\/main\/wp-content\/uploads\/2022\/12\/Capacitacion-en-RCP-y-uso-de-DEA-en-General-Deheza3-225x300.jpg 225w, https:\/\/oibca.gob.ar\/main\/wp-content\/uploads\/2022\/12\/Capacitacion-en-RCP-y-uso-de-DEA-en-General-Deheza3-1152x1536.jpg 1152w, https:\/\/oibca.gob.ar\/main\/wp-content\/uploads\/2022\/12\/Capacitacion-en-RCP-y-uso-de-DEA-en-General-Deheza3.jpg 1200w\" sizes=\"(max-width: 768px) 100vw, 768px\" \/><\/a><\/figure>\n\n\n\n<figure class=\"wp-block-image size-large\"><a href=\"https:\/\/oibca.gob.ar\/main\/wp-content\/uploads\/2022\/12\/Capacitacion-en-RCP-y-uso-de-DEA-en-General-Deheza4.jpg\"><img loading=\"lazy\" decoding=\"async\" width=\"1024\" height=\"768\" data-id=\"634\" src=\"https:\/\/oibca.gob.ar\/main\/wp-content\/uploads\/2022\/12\/Capacitacion-en-RCP-y-uso-de-DEA-en-General-Deheza4-1024x768.jpg\" alt=\"\" class=\"wp-image-634\" srcset=\"https:\/\/oibca.gob.ar\/main\/wp-content\/uploads\/2022\/12\/Capacitacion-en-RCP-y-uso-de-DEA-en-General-Deheza4-1024x768.jpg 1024w, https:\/\/oibca.gob.ar\/main\/wp-content\/uploads\/2022\/12\/Capacitacion-en-RCP-y-uso-de-DEA-en-General-Deheza4-300x225.jpg 300w, https:\/\/oibca.gob.ar\/main\/wp-content\/uploads\/2022\/12\/Capacitacion-en-RCP-y-uso-de-DEA-en-General-Deheza4-768x576.jpg 768w, https:\/\/oibca.gob.ar\/main\/wp-content\/uploads\/2022\/12\/Capacitacion-en-RCP-y-uso-de-DEA-en-General-Deheza4-1536x1152.jpg 1536w, https:\/\/oibca.gob.ar\/main\/wp-content\/uploads\/2022\/12\/Capacitacion-en-RCP-y-uso-de-DEA-en-General-Deheza4.jpg 1600w\" sizes=\"(max-width: 1024px) 100vw, 1024px\" \/><\/a><\/figure>\n\n\n\n<figure class=\"wp-block-image size-large\"><a href=\"https:\/\/oibca.gob.ar\/main\/wp-content\/uploads\/2022\/12\/Capacitacion-en-RCP-y-uso-de-DEA-en-General-Deheza5.jpg\"><img loading=\"lazy\" decoding=\"async\" width=\"1024\" height=\"768\" data-id=\"631\" src=\"https:\/\/oibca.gob.ar\/main\/wp-content\/uploads\/2022\/12\/Capacitacion-en-RCP-y-uso-de-DEA-en-General-Deheza5-1024x768.jpg\" alt=\"\" class=\"wp-image-631\" srcset=\"https:\/\/oibca.gob.ar\/main\/wp-content\/uploads\/2022\/12\/Capacitacion-en-RCP-y-uso-de-DEA-en-General-Deheza5-1024x768.jpg 1024w, https:\/\/oibca.gob.ar\/main\/wp-content\/uploads\/2022\/12\/Capacitacion-en-RCP-y-uso-de-DEA-en-General-Deheza5-300x225.jpg 300w, https:\/\/oibca.gob.ar\/main\/wp-content\/uploads\/2022\/12\/Capacitacion-en-RCP-y-uso-de-DEA-en-General-Deheza5-768x576.jpg 768w, https:\/\/oibca.gob.ar\/main\/wp-content\/uploads\/2022\/12\/Capacitacion-en-RCP-y-uso-de-DEA-en-General-Deheza5-1536x1152.jpg 1536w, https:\/\/oibca.gob.ar\/main\/wp-content\/uploads\/2022\/12\/Capacitacion-en-RCP-y-uso-de-DEA-en-General-Deheza5.jpg 1600w\" sizes=\"(max-width: 1024px) 100vw, 1024px\" \/><\/a><\/figure>\n<\/figure>\n","protected":false},"excerpt":{"rendered":"<p>El mi\u00e9rcoles 16 de noviembre se realiz\u00f3 en General Deheza una nueva capacitaci\u00f3n en RCP (Reanimaci\u00f3n Cardiopulmonar) y Uso del DEA (Desfribrilador Externo Autom\u00e1tico).<\/p>\n","protected":false},"author":2,"featured_media":630,"comment_status":"closed","ping_status":"closed","sticky":false,"template":"","format":"standard","meta":{"site-sidebar-layout":"default","site-content-layout":"","ast-site-content-layout":"default","site-content-style":"default","site-sidebar-style":"default","ast-global-header-display":"","ast-banner-title-visibility":"","ast-main-header-display":"","ast-hfb-above-header-display":"","ast-hfb-below-header-display":"","ast-hfb-mobile-header-display":"","site-post-title":"","ast-breadcrumbs-content":"","ast-featured-img":"","footer-sml-layout":"","ast-disable-related-posts":"","theme-transparent-header-meta":"","adv-header-id-meta":"","stick-header-meta":"","header-above-stick-meta":"","header-main-stick-meta":"","header-below-stick-meta":"","astra-migrate-meta-layouts":"default","ast-page-background-enabled":"default","ast-page-background-meta":{"desktop":{"background-color":"var(--ast-global-color-4)","background-image":"","background-repeat":"repeat","background-position":"center center","background-size":"auto","background-attachment":"scroll","background-type":"","background-media":"","overlay-type":"","overlay-color":"","overlay-opacity":"","overlay-gradient":""},"tablet":{"background-color":"","background-image":"","background-repeat":"repeat","background-position":"center center","background-size":"auto","background-attachment":"scroll","background-type":"","background-media":"","overlay-type":"","overlay-color":"","overlay-opacity":"","overlay-gradient":""},"mobile":{"background-color":"","background-image":"","background-repeat":"repeat","background-position":"center center","background-size":"auto","background-attachment":"scroll","background-type":"","background-media":"","overlay-type":"","overlay-color":"","overlay-opacity":"","overlay-gradient":""}},"ast-content-background-meta":{"desktop":{"background-color":"var(--ast-global-color-5)","background-image":"","background-repeat":"repeat","background-position":"center center","background-size":"auto","background-attachment":"scroll","background-type":"","background-media":"","overlay-type":"","overlay-color":"","overlay-opacity":"","overlay-gradient":""},"tablet":{"background-color":"var(--ast-global-color-5)","background-image":"","background-repeat":"repeat","background-position":"center center","background-size":"auto","background-attachment":"scroll","background-type":"","background-media":"","overlay-type":"","overlay-color":"","overlay-opacity":"","overlay-gradient":""},"mobile":{"background-color":"var(--ast-global-color-5)","background-image":"","background-repeat":"repeat","background-position":"center center","background-size":"auto","background-attachment":"scroll","background-type":"","background-media":"","overlay-type":"","overlay-color":"","overlay-opacity":"","overlay-gradient":""}},"footnotes":""},"categories":[6,7],"tags":[4,9],"class_list":["post-629","post","type-post","status-publish","format-standard","has-post-thumbnail","hentry","category-cursos","category-noticias","tag-capacitacion","tag-general-deheza"],"yoast_head":"<!-- This site is optimized with the Yoast SEO plugin v27.4 - https:\/\/yoast.com\/product\/yoast-seo-wordpress\/ -->\n<title>Capacitaci\u00f3n en RCP y uso de DEA en General Deheza - OIBCA<\/title>\n<meta name=\"robots\" content=\"index, follow, max-snippet:-1, max-image-preview:large, max-video-preview:-1\" \/>\n<link rel=\"canonical\" href=\"https:\/\/oibca.gob.ar\/main\/capacitacion-en-rcp-y-uso-de-dea-en-general-deheza\/\" \/>\n<meta property=\"og:locale\" content=\"es_ES\" \/>\n<meta property=\"og:type\" content=\"article\" \/>\n<meta property=\"og:title\" content=\"Capacitaci\u00f3n en RCP y uso de DEA en General Deheza - OIBCA\" \/>\n<meta property=\"og:description\" content=\"El mi\u00e9rcoles 16 de noviembre se realiz\u00f3 en General Deheza una nueva capacitaci\u00f3n en RCP (Reanimaci\u00f3n Cardiopulmonar) y Uso del DEA (Desfribrilador Externo Autom\u00e1tico).\" \/>\n<meta property=\"og:url\" content=\"https:\/\/oibca.gob.ar\/main\/capacitacion-en-rcp-y-uso-de-dea-en-general-deheza\/\" \/>\n<meta property=\"og:site_name\" content=\"OIBCA\" \/>\n<meta property=\"article:published_time\" content=\"2022-11-18T10:31:00+00:00\" \/>\n<meta property=\"article:modified_time\" content=\"2022-12-01T12:31:47+00:00\" \/>\n<meta property=\"og:image\" content=\"https:\/\/oibca.gob.ar\/main\/wp-content\/uploads\/2022\/12\/Capacitacion-en-RCP-y-uso-de-DEA-en-General-Deheza1.jpg\" \/>\n\t<meta property=\"og:image:width\" content=\"1600\" \/>\n\t<meta property=\"og:image:height\" content=\"1200\" \/>\n\t<meta property=\"og:image:type\" content=\"image\/jpeg\" \/>\n<meta name=\"author\" content=\"c2351037\" \/>\n<meta name=\"twitter:card\" content=\"summary_large_image\" \/>\n<meta name=\"twitter:label1\" content=\"Escrito por\" \/>\n\t<meta name=\"twitter:data1\" content=\"c2351037\" \/>\n\t<meta name=\"twitter:label2\" content=\"Tiempo de lectura\" \/>\n\t<meta name=\"twitter:data2\" content=\"2 minutos\" \/>\n<script type=\"application\/ld+json\" class=\"yoast-schema-graph\">{\"@context\":\"https:\\\/\\\/schema.org\",\"@graph\":[{\"@type\":\"Article\",\"@id\":\"https:\\\/\\\/oibca.gob.ar\\\/main\\\/capacitacion-en-rcp-y-uso-de-dea-en-general-deheza\\\/#article\",\"isPartOf\":{\"@id\":\"https:\\\/\\\/oibca.gob.ar\\\/main\\\/capacitacion-en-rcp-y-uso-de-dea-en-general-deheza\\\/\"},\"author\":{\"name\":\"c2351037\",\"@id\":\"https:\\\/\\\/oibca.gob.ar\\\/main\\\/#\\\/schema\\\/person\\\/1056d8678520282d647bac14db0a6500\"},\"headline\":\"Capacitaci\u00f3n en RCP y uso de DEA en General Deheza\",\"datePublished\":\"2022-11-18T10:31:00+00:00\",\"dateModified\":\"2022-12-01T12:31:47+00:00\",\"mainEntityOfPage\":{\"@id\":\"https:\\\/\\\/oibca.gob.ar\\\/main\\\/capacitacion-en-rcp-y-uso-de-dea-en-general-deheza\\\/\"},\"wordCount\":207,\"publisher\":{\"@id\":\"https:\\\/\\\/oibca.gob.ar\\\/main\\\/#organization\"},\"image\":{\"@id\":\"https:\\\/\\\/oibca.gob.ar\\\/main\\\/capacitacion-en-rcp-y-uso-de-dea-en-general-deheza\\\/#primaryimage\"},\"thumbnailUrl\":\"https:\\\/\\\/oibca.gob.ar\\\/main\\\/wp-content\\\/uploads\\\/2022\\\/12\\\/Capacitacion-en-RCP-y-uso-de-DEA-en-General-Deheza1.jpg\",\"keywords\":[\"capacitaci\u00f3n\",\"General Deheza\"],\"articleSection\":[\"Cursos\",\"Noticias\"],\"inLanguage\":\"es\"},{\"@type\":\"WebPage\",\"@id\":\"https:\\\/\\\/oibca.gob.ar\\\/main\\\/capacitacion-en-rcp-y-uso-de-dea-en-general-deheza\\\/\",\"url\":\"https:\\\/\\\/oibca.gob.ar\\\/main\\\/capacitacion-en-rcp-y-uso-de-dea-en-general-deheza\\\/\",\"name\":\"Capacitaci\u00f3n en RCP y uso de DEA en General Deheza - OIBCA\",\"isPartOf\":{\"@id\":\"https:\\\/\\\/oibca.gob.ar\\\/main\\\/#website\"},\"primaryImageOfPage\":{\"@id\":\"https:\\\/\\\/oibca.gob.ar\\\/main\\\/capacitacion-en-rcp-y-uso-de-dea-en-general-deheza\\\/#primaryimage\"},\"image\":{\"@id\":\"https:\\\/\\\/oibca.gob.ar\\\/main\\\/capacitacion-en-rcp-y-uso-de-dea-en-general-deheza\\\/#primaryimage\"},\"thumbnailUrl\":\"https:\\\/\\\/oibca.gob.ar\\\/main\\\/wp-content\\\/uploads\\\/2022\\\/12\\\/Capacitacion-en-RCP-y-uso-de-DEA-en-General-Deheza1.jpg\",\"datePublished\":\"2022-11-18T10:31:00+00:00\",\"dateModified\":\"2022-12-01T12:31:47+00:00\",\"inLanguage\":\"es\",\"potentialAction\":[{\"@type\":\"ReadAction\",\"target\":[\"https:\\\/\\\/oibca.gob.ar\\\/main\\\/capacitacion-en-rcp-y-uso-de-dea-en-general-deheza\\\/\"]}]},{\"@type\":\"ImageObject\",\"inLanguage\":\"es\",\"@id\":\"https:\\\/\\\/oibca.gob.ar\\\/main\\\/capacitacion-en-rcp-y-uso-de-dea-en-general-deheza\\\/#primaryimage\",\"url\":\"https:\\\/\\\/oibca.gob.ar\\\/main\\\/wp-content\\\/uploads\\\/2022\\\/12\\\/Capacitacion-en-RCP-y-uso-de-DEA-en-General-Deheza1.jpg\",\"contentUrl\":\"https:\\\/\\\/oibca.gob.ar\\\/main\\\/wp-content\\\/uploads\\\/2022\\\/12\\\/Capacitacion-en-RCP-y-uso-de-DEA-en-General-Deheza1.jpg\",\"width\":1600,\"height\":1200,\"caption\":\"Capacitaci\u00f3n en RCP y uso de DEA en General Deheza\"},{\"@type\":\"WebSite\",\"@id\":\"https:\\\/\\\/oibca.gob.ar\\\/main\\\/#website\",\"url\":\"https:\\\/\\\/oibca.gob.ar\\\/main\\\/\",\"name\":\"OIBCA\",\"description\":\"Organismo Intermunicipal de Bromatologia y Control Ambiental\",\"publisher\":{\"@id\":\"https:\\\/\\\/oibca.gob.ar\\\/main\\\/#organization\"},\"potentialAction\":[{\"@type\":\"SearchAction\",\"target\":{\"@type\":\"EntryPoint\",\"urlTemplate\":\"https:\\\/\\\/oibca.gob.ar\\\/main\\\/?s={search_term_string}\"},\"query-input\":{\"@type\":\"PropertyValueSpecification\",\"valueRequired\":true,\"valueName\":\"search_term_string\"}}],\"inLanguage\":\"es\"},{\"@type\":\"Organization\",\"@id\":\"https:\\\/\\\/oibca.gob.ar\\\/main\\\/#organization\",\"name\":\"OIBCA\",\"url\":\"https:\\\/\\\/oibca.gob.ar\\\/main\\\/\",\"logo\":{\"@type\":\"ImageObject\",\"inLanguage\":\"es\",\"@id\":\"https:\\\/\\\/oibca.gob.ar\\\/main\\\/#\\\/schema\\\/logo\\\/image\\\/\",\"url\":\"https:\\\/\\\/oibca.gob.ar\\\/main\\\/wp-content\\\/uploads\\\/2022\\\/03\\\/logo-OIBCA.png\",\"contentUrl\":\"https:\\\/\\\/oibca.gob.ar\\\/main\\\/wp-content\\\/uploads\\\/2022\\\/03\\\/logo-OIBCA.png\",\"width\":262,\"height\":244,\"caption\":\"OIBCA\"},\"image\":{\"@id\":\"https:\\\/\\\/oibca.gob.ar\\\/main\\\/#\\\/schema\\\/logo\\\/image\\\/\"}},{\"@type\":\"Person\",\"@id\":\"https:\\\/\\\/oibca.gob.ar\\\/main\\\/#\\\/schema\\\/person\\\/1056d8678520282d647bac14db0a6500\",\"name\":\"c2351037\",\"image\":{\"@type\":\"ImageObject\",\"inLanguage\":\"es\",\"@id\":\"https:\\\/\\\/secure.gravatar.com\\\/avatar\\\/58ae59209614e7b73eb4cc76cc09ead151ab1c5db9b8df031c3781954a5d5647?s=96&d=mm&r=g\",\"url\":\"https:\\\/\\\/secure.gravatar.com\\\/avatar\\\/58ae59209614e7b73eb4cc76cc09ead151ab1c5db9b8df031c3781954a5d5647?s=96&d=mm&r=g\",\"contentUrl\":\"https:\\\/\\\/secure.gravatar.com\\\/avatar\\\/58ae59209614e7b73eb4cc76cc09ead151ab1c5db9b8df031c3781954a5d5647?s=96&d=mm&r=g\",\"caption\":\"c2351037\"},\"url\":\"https:\\\/\\\/oibca.gob.ar\\\/main\\\/author\\\/c2351037\\\/\"}]}<\/script>\n<!-- \/ Yoast SEO plugin. -->","yoast_head_json":{"title":"Capacitaci\u00f3n en RCP y uso de DEA en General Deheza - OIBCA","robots":{"index":"index","follow":"follow","max-snippet":"max-snippet:-1","max-image-preview":"max-image-preview:large","max-video-preview":"max-video-preview:-1"},"canonical":"https:\/\/oibca.gob.ar\/main\/capacitacion-en-rcp-y-uso-de-dea-en-general-deheza\/","og_locale":"es_ES","og_type":"article","og_title":"Capacitaci\u00f3n en RCP y uso de DEA en General Deheza - OIBCA","og_description":"El mi\u00e9rcoles 16 de noviembre se realiz\u00f3 en General Deheza una nueva capacitaci\u00f3n en RCP (Reanimaci\u00f3n Cardiopulmonar) y Uso del DEA (Desfribrilador Externo Autom\u00e1tico).","og_url":"https:\/\/oibca.gob.ar\/main\/capacitacion-en-rcp-y-uso-de-dea-en-general-deheza\/","og_site_name":"OIBCA","article_published_time":"2022-11-18T10:31:00+00:00","article_modified_time":"2022-12-01T12:31:47+00:00","og_image":[{"width":1600,"height":1200,"url":"https:\/\/oibca.gob.ar\/main\/wp-content\/uploads\/2022\/12\/Capacitacion-en-RCP-y-uso-de-DEA-en-General-Deheza1.jpg","type":"image\/jpeg"}],"author":"c2351037","twitter_card":"summary_large_image","twitter_misc":{"Escrito por":"c2351037","Tiempo de lectura":"2 minutos"},"schema":{"@context":"https:\/\/schema.org","@graph":[{"@type":"Article","@id":"https:\/\/oibca.gob.ar\/main\/capacitacion-en-rcp-y-uso-de-dea-en-general-deheza\/#article","isPartOf":{"@id":"https:\/\/oibca.gob.ar\/main\/capacitacion-en-rcp-y-uso-de-dea-en-general-deheza\/"},"author":{"name":"c2351037","@id":"https:\/\/oibca.gob.ar\/main\/#\/schema\/person\/1056d8678520282d647bac14db0a6500"},"headline":"Capacitaci\u00f3n en RCP y uso de DEA en General Deheza","datePublished":"2022-11-18T10:31:00+00:00","dateModified":"2022-12-01T12:31:47+00:00","mainEntityOfPage":{"@id":"https:\/\/oibca.gob.ar\/main\/capacitacion-en-rcp-y-uso-de-dea-en-general-deheza\/"},"wordCount":207,"publisher":{"@id":"https:\/\/oibca.gob.ar\/main\/#organization"},"image":{"@id":"https:\/\/oibca.gob.ar\/main\/capacitacion-en-rcp-y-uso-de-dea-en-general-deheza\/#primaryimage"},"thumbnailUrl":"https:\/\/oibca.gob.ar\/main\/wp-content\/uploads\/2022\/12\/Capacitacion-en-RCP-y-uso-de-DEA-en-General-Deheza1.jpg","keywords":["capacitaci\u00f3n","General Deheza"],"articleSection":["Cursos","Noticias"],"inLanguage":"es"},{"@type":"WebPage","@id":"https:\/\/oibca.gob.ar\/main\/capacitacion-en-rcp-y-uso-de-dea-en-general-deheza\/","url":"https:\/\/oibca.gob.ar\/main\/capacitacion-en-rcp-y-uso-de-dea-en-general-deheza\/","name":"Capacitaci\u00f3n en RCP y uso de DEA en General Deheza - OIBCA","isPartOf":{"@id":"https:\/\/oibca.gob.ar\/main\/#website"},"primaryImageOfPage":{"@id":"https:\/\/oibca.gob.ar\/main\/capacitacion-en-rcp-y-uso-de-dea-en-general-deheza\/#primaryimage"},"image":{"@id":"https:\/\/oibca.gob.ar\/main\/capacitacion-en-rcp-y-uso-de-dea-en-general-deheza\/#primaryimage"},"thumbnailUrl":"https:\/\/oibca.gob.ar\/main\/wp-content\/uploads\/2022\/12\/Capacitacion-en-RCP-y-uso-de-DEA-en-General-Deheza1.jpg","datePublished":"2022-11-18T10:31:00+00:00","dateModified":"2022-12-01T12:31:47+00:00","inLanguage":"es","potentialAction":[{"@type":"ReadAction","target":["https:\/\/oibca.gob.ar\/main\/capacitacion-en-rcp-y-uso-de-dea-en-general-deheza\/"]}]},{"@type":"ImageObject","inLanguage":"es","@id":"https:\/\/oibca.gob.ar\/main\/capacitacion-en-rcp-y-uso-de-dea-en-general-deheza\/#primaryimage","url":"https:\/\/oibca.gob.ar\/main\/wp-content\/uploads\/2022\/12\/Capacitacion-en-RCP-y-uso-de-DEA-en-General-Deheza1.jpg","contentUrl":"https:\/\/oibca.gob.ar\/main\/wp-content\/uploads\/2022\/12\/Capacitacion-en-RCP-y-uso-de-DEA-en-General-Deheza1.jpg","width":1600,"height":1200,"caption":"Capacitaci\u00f3n en RCP y uso de DEA en General Deheza"},{"@type":"WebSite","@id":"https:\/\/oibca.gob.ar\/main\/#website","url":"https:\/\/oibca.gob.ar\/main\/","name":"OIBCA","description":"Organismo Intermunicipal de Bromatologia y Control Ambiental","publisher":{"@id":"https:\/\/oibca.gob.ar\/main\/#organization"},"potentialAction":[{"@type":"SearchAction","target":{"@type":"EntryPoint","urlTemplate":"https:\/\/oibca.gob.ar\/main\/?s={search_term_string}"},"query-input":{"@type":"PropertyValueSpecification","valueRequired":true,"valueName":"search_term_string"}}],"inLanguage":"es"},{"@type":"Organization","@id":"https:\/\/oibca.gob.ar\/main\/#organization","name":"OIBCA","url":"https:\/\/oibca.gob.ar\/main\/","logo":{"@type":"ImageObject","inLanguage":"es","@id":"https:\/\/oibca.gob.ar\/main\/#\/schema\/logo\/image\/","url":"https:\/\/oibca.gob.ar\/main\/wp-content\/uploads\/2022\/03\/logo-OIBCA.png","contentUrl":"https:\/\/oibca.gob.ar\/main\/wp-content\/uploads\/2022\/03\/logo-OIBCA.png","width":262,"height":244,"caption":"OIBCA"},"image":{"@id":"https:\/\/oibca.gob.ar\/main\/#\/schema\/logo\/image\/"}},{"@type":"Person","@id":"https:\/\/oibca.gob.ar\/main\/#\/schema\/person\/1056d8678520282d647bac14db0a6500","name":"c2351037","image":{"@type":"ImageObject","inLanguage":"es","@id":"https:\/\/secure.gravatar.com\/avatar\/58ae59209614e7b73eb4cc76cc09ead151ab1c5db9b8df031c3781954a5d5647?s=96&d=mm&r=g","url":"https:\/\/secure.gravatar.com\/avatar\/58ae59209614e7b73eb4cc76cc09ead151ab1c5db9b8df031c3781954a5d5647?s=96&d=mm&r=g","contentUrl":"https:\/\/secure.gravatar.com\/avatar\/58ae59209614e7b73eb4cc76cc09ead151ab1c5db9b8df031c3781954a5d5647?s=96&d=mm&r=g","caption":"c2351037"},"url":"https:\/\/oibca.gob.ar\/main\/author\/c2351037\/"}]}},"_links":{"self":[{"href":"https:\/\/oibca.gob.ar\/main\/wp-json\/wp\/v2\/posts\/629","targetHints":{"allow":["GET"]}}],"collection":[{"href":"https:\/\/oibca.gob.ar\/main\/wp-json\/wp\/v2\/posts"}],"about":[{"href":"https:\/\/oibca.gob.ar\/main\/wp-json\/wp\/v2\/types\/post"}],"author":[{"embeddable":true,"href":"https:\/\/oibca.gob.ar\/main\/wp-json\/wp\/v2\/users\/2"}],"replies":[{"embeddable":true,"href":"https:\/\/oibca.gob.ar\/main\/wp-json\/wp\/v2\/comments?post=629"}],"version-history":[{"count":1,"href":"https:\/\/oibca.gob.ar\/main\/wp-json\/wp\/v2\/posts\/629\/revisions"}],"predecessor-version":[{"id":635,"href":"https:\/\/oibca.gob.ar\/main\/wp-json\/wp\/v2\/posts\/629\/revisions\/635"}],"wp:featuredmedia":[{"embeddable":true,"href":"https:\/\/oibca.gob.ar\/main\/wp-json\/wp\/v2\/media\/630"}],"wp:attachment":[{"href":"https:\/\/oibca.gob.ar\/main\/wp-json\/wp\/v2\/media?parent=629"}],"wp:term":[{"taxonomy":"category","embeddable":true,"href":"https:\/\/oibca.gob.ar\/main\/wp-json\/wp\/v2\/categories?post=629"},{"taxonomy":"post_tag","embeddable":true,"href":"https:\/\/oibca.gob.ar\/main\/wp-json\/wp\/v2\/tags?post=629"}],"curies":[{"name":"wp","href":"https:\/\/api.w.org\/{rel}","templated":true}]}}