{"id":663,"date":"2022-12-02T08:32:39","date_gmt":"2022-12-02T11:32:39","guid":{"rendered":"https:\/\/oibca.gob.ar\/main\/?p=663"},"modified":"2023-01-26T08:42:36","modified_gmt":"2023-01-26T11:42:36","slug":"capacitacion-sobre-rcp-y-uso-de-dea-en-el-corralon-municipal-de-general-deheza-parte-ii","status":"publish","type":"post","link":"https:\/\/oibca.gob.ar\/main\/capacitacion-sobre-rcp-y-uso-de-dea-en-el-corralon-municipal-de-general-deheza-parte-ii\/","title":{"rendered":"Capacitaci\u00f3n sobre RCP y uso de DEA en el Corral\u00f3n Municipal de General Deheza: Parte II"},"content":{"rendered":"\n<figure class=\"wp-block-image size-large\"><a href=\"https:\/\/oibca.gob.ar\/main\/wp-content\/uploads\/2023\/01\/317844422_447787250862972_3094967758711745144_n.jpg\"><img fetchpriority=\"high\" decoding=\"async\" width=\"1024\" height=\"768\" src=\"https:\/\/oibca.gob.ar\/main\/wp-content\/uploads\/2023\/01\/317844422_447787250862972_3094967758711745144_n-1024x768.jpg\" alt=\"Capacitaci\u00f3n sobre RCP y uso de DEA en el Corral\u00f3n Municipal de General Deheza: Parte II\" class=\"wp-image-664\" srcset=\"https:\/\/oibca.gob.ar\/main\/wp-content\/uploads\/2023\/01\/317844422_447787250862972_3094967758711745144_n-1024x768.jpg 1024w, https:\/\/oibca.gob.ar\/main\/wp-content\/uploads\/2023\/01\/317844422_447787250862972_3094967758711745144_n-300x225.jpg 300w, https:\/\/oibca.gob.ar\/main\/wp-content\/uploads\/2023\/01\/317844422_447787250862972_3094967758711745144_n-768x576.jpg 768w, https:\/\/oibca.gob.ar\/main\/wp-content\/uploads\/2023\/01\/317844422_447787250862972_3094967758711745144_n-1536x1152.jpg 1536w, https:\/\/oibca.gob.ar\/main\/wp-content\/uploads\/2023\/01\/317844422_447787250862972_3094967758711745144_n.jpg 1600w\" sizes=\"(max-width: 1024px) 100vw, 1024px\" \/><\/a><\/figure>\n\n\n\n<p>El mi\u00e9rcoles 30 de noviembre se realiz\u00f3 en General Deheza una nueva instancia de formaci\u00f3n en RCP (Reanimaci\u00f3n Cardiopulmonar) y Uso del DEA (Desfribrilador Externo Autom\u00e1tico).<\/p>\n\n\n\n<p>En esta ocasi\u00f3n el Lic. Julio Godoy capacit\u00f3 a un segundo grupo de trabajadores del Corral\u00f3n Municipal. En un primer momento, se desarrollaron algunos conceptos sobre RCP, primeros auxilios y evaluaci\u00f3n primaria ante diversos escenarios. Luego, se pusieron en pr\u00e1ctica las maniobras correspondientes para realizar intervenciones como primeros respondientes. <\/p>\n\n\n\n<p>Recordamos que estas actividades de capacitaci\u00f3n al personal municipal se dan en el marco del programa \u201cCiudad Cardioprotegida\u201d de la Secretar\u00eda de Desarrollo Social y Salud de la Municipalidad. El objetivo es avanzar en el cumplimiento de la ley N\u00b027.159 de \u201cPrevenci\u00f3n Integral de la Muerte S\u00fabita\u201d.<\/p>\n\n\n\n<p>Seguimos trabajando en conjunto para generar estos espacios porque la difusi\u00f3n de conocimientos es un eslab\u00f3n important\u00edsimo para prevenir muertes evitables.<\/p>\n\n\n\n<figure class=\"wp-block-gallery has-nested-images columns-default is-cropped wp-block-gallery-1 is-layout-flex wp-block-gallery-is-layout-flex\">\n<figure class=\"wp-block-image size-large\"><a href=\"https:\/\/oibca.gob.ar\/main\/wp-content\/uploads\/2023\/01\/318216506_447787130862984_8774365029543308180_n.jpg\"><img decoding=\"async\" width=\"1024\" height=\"768\" data-id=\"666\" src=\"https:\/\/oibca.gob.ar\/main\/wp-content\/uploads\/2023\/01\/318216506_447787130862984_8774365029543308180_n-1024x768.jpg\" alt=\"\" class=\"wp-image-666\" srcset=\"https:\/\/oibca.gob.ar\/main\/wp-content\/uploads\/2023\/01\/318216506_447787130862984_8774365029543308180_n-1024x768.jpg 1024w, https:\/\/oibca.gob.ar\/main\/wp-content\/uploads\/2023\/01\/318216506_447787130862984_8774365029543308180_n-300x225.jpg 300w, https:\/\/oibca.gob.ar\/main\/wp-content\/uploads\/2023\/01\/318216506_447787130862984_8774365029543308180_n-768x576.jpg 768w, https:\/\/oibca.gob.ar\/main\/wp-content\/uploads\/2023\/01\/318216506_447787130862984_8774365029543308180_n-1536x1152.jpg 1536w, https:\/\/oibca.gob.ar\/main\/wp-content\/uploads\/2023\/01\/318216506_447787130862984_8774365029543308180_n.jpg 1600w\" sizes=\"(max-width: 1024px) 100vw, 1024px\" \/><\/a><\/figure>\n\n\n\n<figure class=\"wp-block-image size-large\"><a href=\"https:\/\/oibca.gob.ar\/main\/wp-content\/uploads\/2023\/01\/318097674_447787107529653_5266653712807119408_n.jpg\"><img decoding=\"async\" width=\"1024\" height=\"768\" data-id=\"665\" src=\"https:\/\/oibca.gob.ar\/main\/wp-content\/uploads\/2023\/01\/318097674_447787107529653_5266653712807119408_n-1024x768.jpg\" alt=\"\" class=\"wp-image-665\" srcset=\"https:\/\/oibca.gob.ar\/main\/wp-content\/uploads\/2023\/01\/318097674_447787107529653_5266653712807119408_n-1024x768.jpg 1024w, https:\/\/oibca.gob.ar\/main\/wp-content\/uploads\/2023\/01\/318097674_447787107529653_5266653712807119408_n-300x225.jpg 300w, https:\/\/oibca.gob.ar\/main\/wp-content\/uploads\/2023\/01\/318097674_447787107529653_5266653712807119408_n-768x576.jpg 768w, https:\/\/oibca.gob.ar\/main\/wp-content\/uploads\/2023\/01\/318097674_447787107529653_5266653712807119408_n-1536x1152.jpg 1536w, https:\/\/oibca.gob.ar\/main\/wp-content\/uploads\/2023\/01\/318097674_447787107529653_5266653712807119408_n.jpg 1600w\" sizes=\"(max-width: 1024px) 100vw, 1024px\" \/><\/a><\/figure>\n\n\n\n<figure class=\"wp-block-image size-large\"><a href=\"https:\/\/oibca.gob.ar\/main\/wp-content\/uploads\/2023\/01\/318334399_447787097529654_5886576243086882040_n.jpg\"><img loading=\"lazy\" decoding=\"async\" width=\"1024\" height=\"768\" data-id=\"667\" src=\"https:\/\/oibca.gob.ar\/main\/wp-content\/uploads\/2023\/01\/318334399_447787097529654_5886576243086882040_n-1024x768.jpg\" alt=\"\" class=\"wp-image-667\" srcset=\"https:\/\/oibca.gob.ar\/main\/wp-content\/uploads\/2023\/01\/318334399_447787097529654_5886576243086882040_n-1024x768.jpg 1024w, https:\/\/oibca.gob.ar\/main\/wp-content\/uploads\/2023\/01\/318334399_447787097529654_5886576243086882040_n-300x225.jpg 300w, https:\/\/oibca.gob.ar\/main\/wp-content\/uploads\/2023\/01\/318334399_447787097529654_5886576243086882040_n-768x576.jpg 768w, https:\/\/oibca.gob.ar\/main\/wp-content\/uploads\/2023\/01\/318334399_447787097529654_5886576243086882040_n-1536x1152.jpg 1536w, https:\/\/oibca.gob.ar\/main\/wp-content\/uploads\/2023\/01\/318334399_447787097529654_5886576243086882040_n.jpg 1600w\" sizes=\"(max-width: 1024px) 100vw, 1024px\" \/><\/a><\/figure>\n\n\n\n<figure class=\"wp-block-image size-large\"><a href=\"https:\/\/oibca.gob.ar\/main\/wp-content\/uploads\/2023\/01\/318555680_447787127529651_8221115563726949918_n.jpg\"><img loading=\"lazy\" decoding=\"async\" width=\"768\" height=\"1024\" data-id=\"668\" src=\"https:\/\/oibca.gob.ar\/main\/wp-content\/uploads\/2023\/01\/318555680_447787127529651_8221115563726949918_n-768x1024.jpg\" alt=\"\" class=\"wp-image-668\" srcset=\"https:\/\/oibca.gob.ar\/main\/wp-content\/uploads\/2023\/01\/318555680_447787127529651_8221115563726949918_n-768x1024.jpg 768w, https:\/\/oibca.gob.ar\/main\/wp-content\/uploads\/2023\/01\/318555680_447787127529651_8221115563726949918_n-225x300.jpg 225w, https:\/\/oibca.gob.ar\/main\/wp-content\/uploads\/2023\/01\/318555680_447787127529651_8221115563726949918_n-1152x1536.jpg 1152w, https:\/\/oibca.gob.ar\/main\/wp-content\/uploads\/2023\/01\/318555680_447787127529651_8221115563726949918_n.jpg 1200w\" sizes=\"(max-width: 768px) 100vw, 768px\" \/><\/a><\/figure>\n\n\n\n<figure class=\"wp-block-image size-large\"><a href=\"https:\/\/oibca.gob.ar\/main\/wp-content\/uploads\/2023\/01\/317692864_447787284196302_7799445051890191740_n.jpg\"><img loading=\"lazy\" decoding=\"async\" width=\"1024\" height=\"768\" data-id=\"669\" src=\"https:\/\/oibca.gob.ar\/main\/wp-content\/uploads\/2023\/01\/317692864_447787284196302_7799445051890191740_n-1024x768.jpg\" alt=\"\" class=\"wp-image-669\" srcset=\"https:\/\/oibca.gob.ar\/main\/wp-content\/uploads\/2023\/01\/317692864_447787284196302_7799445051890191740_n-1024x768.jpg 1024w, https:\/\/oibca.gob.ar\/main\/wp-content\/uploads\/2023\/01\/317692864_447787284196302_7799445051890191740_n-300x225.jpg 300w, https:\/\/oibca.gob.ar\/main\/wp-content\/uploads\/2023\/01\/317692864_447787284196302_7799445051890191740_n-768x576.jpg 768w, https:\/\/oibca.gob.ar\/main\/wp-content\/uploads\/2023\/01\/317692864_447787284196302_7799445051890191740_n-1536x1152.jpg 1536w, https:\/\/oibca.gob.ar\/main\/wp-content\/uploads\/2023\/01\/317692864_447787284196302_7799445051890191740_n.jpg 1600w\" sizes=\"(max-width: 1024px) 100vw, 1024px\" \/><\/a><\/figure>\n\n\n\n<figure class=\"wp-block-image size-large\"><a href=\"https:\/\/oibca.gob.ar\/main\/wp-content\/uploads\/2023\/01\/317806228_447787354196295_5592646192438838447_n.jpg\"><img loading=\"lazy\" decoding=\"async\" width=\"768\" height=\"1024\" data-id=\"670\" src=\"https:\/\/oibca.gob.ar\/main\/wp-content\/uploads\/2023\/01\/317806228_447787354196295_5592646192438838447_n-768x1024.jpg\" alt=\"\" class=\"wp-image-670\" srcset=\"https:\/\/oibca.gob.ar\/main\/wp-content\/uploads\/2023\/01\/317806228_447787354196295_5592646192438838447_n-768x1024.jpg 768w, https:\/\/oibca.gob.ar\/main\/wp-content\/uploads\/2023\/01\/317806228_447787354196295_5592646192438838447_n-225x300.jpg 225w, https:\/\/oibca.gob.ar\/main\/wp-content\/uploads\/2023\/01\/317806228_447787354196295_5592646192438838447_n-1152x1536.jpg 1152w, https:\/\/oibca.gob.ar\/main\/wp-content\/uploads\/2023\/01\/317806228_447787354196295_5592646192438838447_n.jpg 1200w\" sizes=\"(max-width: 768px) 100vw, 768px\" \/><\/a><\/figure>\n\n\n\n<figure class=\"wp-block-image size-large\"><a href=\"https:\/\/oibca.gob.ar\/main\/wp-content\/uploads\/2023\/01\/317968540_447787237529640_666284824608584383_n.jpg\"><img loading=\"lazy\" decoding=\"async\" width=\"768\" height=\"1024\" data-id=\"671\" src=\"https:\/\/oibca.gob.ar\/main\/wp-content\/uploads\/2023\/01\/317968540_447787237529640_666284824608584383_n-768x1024.jpg\" alt=\"\" class=\"wp-image-671\" srcset=\"https:\/\/oibca.gob.ar\/main\/wp-content\/uploads\/2023\/01\/317968540_447787237529640_666284824608584383_n-768x1024.jpg 768w, https:\/\/oibca.gob.ar\/main\/wp-content\/uploads\/2023\/01\/317968540_447787237529640_666284824608584383_n-225x300.jpg 225w, https:\/\/oibca.gob.ar\/main\/wp-content\/uploads\/2023\/01\/317968540_447787237529640_666284824608584383_n-1152x1536.jpg 1152w, https:\/\/oibca.gob.ar\/main\/wp-content\/uploads\/2023\/01\/317968540_447787237529640_666284824608584383_n.jpg 1200w\" sizes=\"(max-width: 768px) 100vw, 768px\" \/><\/a><\/figure>\n<\/figure>\n","protected":false},"excerpt":{"rendered":"<p>El mi\u00e9rcoles 30 de noviembre se realiz\u00f3 en General Deheza una nueva instancia de formaci\u00f3n en RCP (Reanimaci\u00f3n Cardiopulmonar) y Uso del DEA (Desfribrilador Externo Autom\u00e1tico).<\/p>\n","protected":false},"author":2,"featured_media":664,"comment_status":"closed","ping_status":"closed","sticky":false,"template":"","format":"standard","meta":{"site-sidebar-layout":"default","site-content-layout":"","ast-site-content-layout":"default","site-content-style":"default","site-sidebar-style":"default","ast-global-header-display":"","ast-banner-title-visibility":"","ast-main-header-display":"","ast-hfb-above-header-display":"","ast-hfb-below-header-display":"","ast-hfb-mobile-header-display":"","site-post-title":"","ast-breadcrumbs-content":"","ast-featured-img":"","footer-sml-layout":"","ast-disable-related-posts":"","theme-transparent-header-meta":"","adv-header-id-meta":"","stick-header-meta":"","header-above-stick-meta":"","header-main-stick-meta":"","header-below-stick-meta":"","astra-migrate-meta-layouts":"default","ast-page-background-enabled":"default","ast-page-background-meta":{"desktop":{"background-color":"var(--ast-global-color-4)","background-image":"","background-repeat":"repeat","background-position":"center center","background-size":"auto","background-attachment":"scroll","background-type":"","background-media":"","overlay-type":"","overlay-color":"","overlay-opacity":"","overlay-gradient":""},"tablet":{"background-color":"","background-image":"","background-repeat":"repeat","background-position":"center center","background-size":"auto","background-attachment":"scroll","background-type":"","background-media":"","overlay-type":"","overlay-color":"","overlay-opacity":"","overlay-gradient":""},"mobile":{"background-color":"","background-image":"","background-repeat":"repeat","background-position":"center center","background-size":"auto","background-attachment":"scroll","background-type":"","background-media":"","overlay-type":"","overlay-color":"","overlay-opacity":"","overlay-gradient":""}},"ast-content-background-meta":{"desktop":{"background-color":"var(--ast-global-color-5)","background-image":"","background-repeat":"repeat","background-position":"center center","background-size":"auto","background-attachment":"scroll","background-type":"","background-media":"","overlay-type":"","overlay-color":"","overlay-opacity":"","overlay-gradient":""},"tablet":{"background-color":"var(--ast-global-color-5)","background-image":"","background-repeat":"repeat","background-position":"center center","background-size":"auto","background-attachment":"scroll","background-type":"","background-media":"","overlay-type":"","overlay-color":"","overlay-opacity":"","overlay-gradient":""},"mobile":{"background-color":"var(--ast-global-color-5)","background-image":"","background-repeat":"repeat","background-position":"center center","background-size":"auto","background-attachment":"scroll","background-type":"","background-media":"","overlay-type":"","overlay-color":"","overlay-opacity":"","overlay-gradient":""}},"footnotes":""},"categories":[6],"tags":[4,9,19],"class_list":["post-663","post","type-post","status-publish","format-standard","has-post-thumbnail","hentry","category-cursos","tag-capacitacion","tag-general-deheza","tag-rcp"],"yoast_head":"<!-- This site is optimized with the Yoast SEO plugin v27.4 - https:\/\/yoast.com\/product\/yoast-seo-wordpress\/ -->\n<title>Capacitaci\u00f3n sobre RCP y uso de DEA en el Corral\u00f3n Municipal de General Deheza: Parte II - OIBCA<\/title>\n<meta name=\"robots\" content=\"index, follow, max-snippet:-1, max-image-preview:large, max-video-preview:-1\" \/>\n<link rel=\"canonical\" href=\"https:\/\/oibca.gob.ar\/main\/capacitacion-sobre-rcp-y-uso-de-dea-en-el-corralon-municipal-de-general-deheza-parte-ii\/\" \/>\n<meta property=\"og:locale\" content=\"es_ES\" \/>\n<meta property=\"og:type\" content=\"article\" \/>\n<meta property=\"og:title\" content=\"Capacitaci\u00f3n sobre RCP y uso de DEA en el Corral\u00f3n Municipal de General Deheza: Parte II - OIBCA\" \/>\n<meta property=\"og:description\" content=\"El mi\u00e9rcoles 30 de noviembre se realiz\u00f3 en General Deheza una nueva instancia de formaci\u00f3n en RCP (Reanimaci\u00f3n Cardiopulmonar) y Uso del DEA (Desfribrilador Externo Autom\u00e1tico).\" \/>\n<meta property=\"og:url\" content=\"https:\/\/oibca.gob.ar\/main\/capacitacion-sobre-rcp-y-uso-de-dea-en-el-corralon-municipal-de-general-deheza-parte-ii\/\" \/>\n<meta property=\"og:site_name\" content=\"OIBCA\" \/>\n<meta property=\"article:published_time\" content=\"2022-12-02T11:32:39+00:00\" \/>\n<meta property=\"article:modified_time\" content=\"2023-01-26T11:42:36+00:00\" \/>\n<meta property=\"og:image\" content=\"https:\/\/oibca.gob.ar\/main\/wp-content\/uploads\/2023\/01\/317844422_447787250862972_3094967758711745144_n.jpg\" \/>\n\t<meta property=\"og:image:width\" content=\"1600\" \/>\n\t<meta property=\"og:image:height\" content=\"1200\" \/>\n\t<meta property=\"og:image:type\" content=\"image\/jpeg\" \/>\n<meta name=\"author\" content=\"c2351037\" \/>\n<meta name=\"twitter:card\" content=\"summary_large_image\" \/>\n<meta name=\"twitter:label1\" content=\"Escrito por\" \/>\n\t<meta name=\"twitter:data1\" content=\"c2351037\" \/>\n\t<meta name=\"twitter:label2\" content=\"Tiempo de lectura\" \/>\n\t<meta name=\"twitter:data2\" content=\"3 minutos\" \/>\n<script type=\"application\/ld+json\" class=\"yoast-schema-graph\">{\"@context\":\"https:\\\/\\\/schema.org\",\"@graph\":[{\"@type\":\"Article\",\"@id\":\"https:\\\/\\\/oibca.gob.ar\\\/main\\\/capacitacion-sobre-rcp-y-uso-de-dea-en-el-corralon-municipal-de-general-deheza-parte-ii\\\/#article\",\"isPartOf\":{\"@id\":\"https:\\\/\\\/oibca.gob.ar\\\/main\\\/capacitacion-sobre-rcp-y-uso-de-dea-en-el-corralon-municipal-de-general-deheza-parte-ii\\\/\"},\"author\":{\"name\":\"c2351037\",\"@id\":\"https:\\\/\\\/oibca.gob.ar\\\/main\\\/#\\\/schema\\\/person\\\/1056d8678520282d647bac14db0a6500\"},\"headline\":\"Capacitaci\u00f3n sobre RCP y uso de DEA en el Corral\u00f3n Municipal de General Deheza: Parte II\",\"datePublished\":\"2022-12-02T11:32:39+00:00\",\"dateModified\":\"2023-01-26T11:42:36+00:00\",\"mainEntityOfPage\":{\"@id\":\"https:\\\/\\\/oibca.gob.ar\\\/main\\\/capacitacion-sobre-rcp-y-uso-de-dea-en-el-corralon-municipal-de-general-deheza-parte-ii\\\/\"},\"wordCount\":175,\"publisher\":{\"@id\":\"https:\\\/\\\/oibca.gob.ar\\\/main\\\/#organization\"},\"image\":{\"@id\":\"https:\\\/\\\/oibca.gob.ar\\\/main\\\/capacitacion-sobre-rcp-y-uso-de-dea-en-el-corralon-municipal-de-general-deheza-parte-ii\\\/#primaryimage\"},\"thumbnailUrl\":\"https:\\\/\\\/oibca.gob.ar\\\/main\\\/wp-content\\\/uploads\\\/2023\\\/01\\\/317844422_447787250862972_3094967758711745144_n.jpg\",\"keywords\":[\"capacitaci\u00f3n\",\"General Deheza\",\"RCP\"],\"articleSection\":[\"Cursos\"],\"inLanguage\":\"es\"},{\"@type\":\"WebPage\",\"@id\":\"https:\\\/\\\/oibca.gob.ar\\\/main\\\/capacitacion-sobre-rcp-y-uso-de-dea-en-el-corralon-municipal-de-general-deheza-parte-ii\\\/\",\"url\":\"https:\\\/\\\/oibca.gob.ar\\\/main\\\/capacitacion-sobre-rcp-y-uso-de-dea-en-el-corralon-municipal-de-general-deheza-parte-ii\\\/\",\"name\":\"Capacitaci\u00f3n sobre RCP y uso de DEA en el Corral\u00f3n Municipal de General Deheza: Parte II - OIBCA\",\"isPartOf\":{\"@id\":\"https:\\\/\\\/oibca.gob.ar\\\/main\\\/#website\"},\"primaryImageOfPage\":{\"@id\":\"https:\\\/\\\/oibca.gob.ar\\\/main\\\/capacitacion-sobre-rcp-y-uso-de-dea-en-el-corralon-municipal-de-general-deheza-parte-ii\\\/#primaryimage\"},\"image\":{\"@id\":\"https:\\\/\\\/oibca.gob.ar\\\/main\\\/capacitacion-sobre-rcp-y-uso-de-dea-en-el-corralon-municipal-de-general-deheza-parte-ii\\\/#primaryimage\"},\"thumbnailUrl\":\"https:\\\/\\\/oibca.gob.ar\\\/main\\\/wp-content\\\/uploads\\\/2023\\\/01\\\/317844422_447787250862972_3094967758711745144_n.jpg\",\"datePublished\":\"2022-12-02T11:32:39+00:00\",\"dateModified\":\"2023-01-26T11:42:36+00:00\",\"inLanguage\":\"es\",\"potentialAction\":[{\"@type\":\"ReadAction\",\"target\":[\"https:\\\/\\\/oibca.gob.ar\\\/main\\\/capacitacion-sobre-rcp-y-uso-de-dea-en-el-corralon-municipal-de-general-deheza-parte-ii\\\/\"]}]},{\"@type\":\"ImageObject\",\"inLanguage\":\"es\",\"@id\":\"https:\\\/\\\/oibca.gob.ar\\\/main\\\/capacitacion-sobre-rcp-y-uso-de-dea-en-el-corralon-municipal-de-general-deheza-parte-ii\\\/#primaryimage\",\"url\":\"https:\\\/\\\/oibca.gob.ar\\\/main\\\/wp-content\\\/uploads\\\/2023\\\/01\\\/317844422_447787250862972_3094967758711745144_n.jpg\",\"contentUrl\":\"https:\\\/\\\/oibca.gob.ar\\\/main\\\/wp-content\\\/uploads\\\/2023\\\/01\\\/317844422_447787250862972_3094967758711745144_n.jpg\",\"width\":1600,\"height\":1200,\"caption\":\"Capacitaci\u00f3n sobre RCP y uso de DEA en el Corral\u00f3n Municipal de General Deheza: Parte II\"},{\"@type\":\"WebSite\",\"@id\":\"https:\\\/\\\/oibca.gob.ar\\\/main\\\/#website\",\"url\":\"https:\\\/\\\/oibca.gob.ar\\\/main\\\/\",\"name\":\"OIBCA\",\"description\":\"Organismo Intermunicipal de Bromatologia y Control Ambiental\",\"publisher\":{\"@id\":\"https:\\\/\\\/oibca.gob.ar\\\/main\\\/#organization\"},\"potentialAction\":[{\"@type\":\"SearchAction\",\"target\":{\"@type\":\"EntryPoint\",\"urlTemplate\":\"https:\\\/\\\/oibca.gob.ar\\\/main\\\/?s={search_term_string}\"},\"query-input\":{\"@type\":\"PropertyValueSpecification\",\"valueRequired\":true,\"valueName\":\"search_term_string\"}}],\"inLanguage\":\"es\"},{\"@type\":\"Organization\",\"@id\":\"https:\\\/\\\/oibca.gob.ar\\\/main\\\/#organization\",\"name\":\"OIBCA\",\"url\":\"https:\\\/\\\/oibca.gob.ar\\\/main\\\/\",\"logo\":{\"@type\":\"ImageObject\",\"inLanguage\":\"es\",\"@id\":\"https:\\\/\\\/oibca.gob.ar\\\/main\\\/#\\\/schema\\\/logo\\\/image\\\/\",\"url\":\"https:\\\/\\\/oibca.gob.ar\\\/main\\\/wp-content\\\/uploads\\\/2022\\\/03\\\/logo-OIBCA.png\",\"contentUrl\":\"https:\\\/\\\/oibca.gob.ar\\\/main\\\/wp-content\\\/uploads\\\/2022\\\/03\\\/logo-OIBCA.png\",\"width\":262,\"height\":244,\"caption\":\"OIBCA\"},\"image\":{\"@id\":\"https:\\\/\\\/oibca.gob.ar\\\/main\\\/#\\\/schema\\\/logo\\\/image\\\/\"}},{\"@type\":\"Person\",\"@id\":\"https:\\\/\\\/oibca.gob.ar\\\/main\\\/#\\\/schema\\\/person\\\/1056d8678520282d647bac14db0a6500\",\"name\":\"c2351037\",\"image\":{\"@type\":\"ImageObject\",\"inLanguage\":\"es\",\"@id\":\"https:\\\/\\\/secure.gravatar.com\\\/avatar\\\/58ae59209614e7b73eb4cc76cc09ead151ab1c5db9b8df031c3781954a5d5647?s=96&d=mm&r=g\",\"url\":\"https:\\\/\\\/secure.gravatar.com\\\/avatar\\\/58ae59209614e7b73eb4cc76cc09ead151ab1c5db9b8df031c3781954a5d5647?s=96&d=mm&r=g\",\"contentUrl\":\"https:\\\/\\\/secure.gravatar.com\\\/avatar\\\/58ae59209614e7b73eb4cc76cc09ead151ab1c5db9b8df031c3781954a5d5647?s=96&d=mm&r=g\",\"caption\":\"c2351037\"},\"url\":\"https:\\\/\\\/oibca.gob.ar\\\/main\\\/author\\\/c2351037\\\/\"}]}<\/script>\n<!-- \/ Yoast SEO plugin. -->","yoast_head_json":{"title":"Capacitaci\u00f3n sobre RCP y uso de DEA en el Corral\u00f3n Municipal de General Deheza: Parte II - OIBCA","robots":{"index":"index","follow":"follow","max-snippet":"max-snippet:-1","max-image-preview":"max-image-preview:large","max-video-preview":"max-video-preview:-1"},"canonical":"https:\/\/oibca.gob.ar\/main\/capacitacion-sobre-rcp-y-uso-de-dea-en-el-corralon-municipal-de-general-deheza-parte-ii\/","og_locale":"es_ES","og_type":"article","og_title":"Capacitaci\u00f3n sobre RCP y uso de DEA en el Corral\u00f3n Municipal de General Deheza: Parte II - OIBCA","og_description":"El mi\u00e9rcoles 30 de noviembre se realiz\u00f3 en General Deheza una nueva instancia de formaci\u00f3n en RCP (Reanimaci\u00f3n Cardiopulmonar) y Uso del DEA (Desfribrilador Externo Autom\u00e1tico).","og_url":"https:\/\/oibca.gob.ar\/main\/capacitacion-sobre-rcp-y-uso-de-dea-en-el-corralon-municipal-de-general-deheza-parte-ii\/","og_site_name":"OIBCA","article_published_time":"2022-12-02T11:32:39+00:00","article_modified_time":"2023-01-26T11:42:36+00:00","og_image":[{"width":1600,"height":1200,"url":"https:\/\/oibca.gob.ar\/main\/wp-content\/uploads\/2023\/01\/317844422_447787250862972_3094967758711745144_n.jpg","type":"image\/jpeg"}],"author":"c2351037","twitter_card":"summary_large_image","twitter_misc":{"Escrito por":"c2351037","Tiempo de lectura":"3 minutos"},"schema":{"@context":"https:\/\/schema.org","@graph":[{"@type":"Article","@id":"https:\/\/oibca.gob.ar\/main\/capacitacion-sobre-rcp-y-uso-de-dea-en-el-corralon-municipal-de-general-deheza-parte-ii\/#article","isPartOf":{"@id":"https:\/\/oibca.gob.ar\/main\/capacitacion-sobre-rcp-y-uso-de-dea-en-el-corralon-municipal-de-general-deheza-parte-ii\/"},"author":{"name":"c2351037","@id":"https:\/\/oibca.gob.ar\/main\/#\/schema\/person\/1056d8678520282d647bac14db0a6500"},"headline":"Capacitaci\u00f3n sobre RCP y uso de DEA en el Corral\u00f3n Municipal de General Deheza: Parte II","datePublished":"2022-12-02T11:32:39+00:00","dateModified":"2023-01-26T11:42:36+00:00","mainEntityOfPage":{"@id":"https:\/\/oibca.gob.ar\/main\/capacitacion-sobre-rcp-y-uso-de-dea-en-el-corralon-municipal-de-general-deheza-parte-ii\/"},"wordCount":175,"publisher":{"@id":"https:\/\/oibca.gob.ar\/main\/#organization"},"image":{"@id":"https:\/\/oibca.gob.ar\/main\/capacitacion-sobre-rcp-y-uso-de-dea-en-el-corralon-municipal-de-general-deheza-parte-ii\/#primaryimage"},"thumbnailUrl":"https:\/\/oibca.gob.ar\/main\/wp-content\/uploads\/2023\/01\/317844422_447787250862972_3094967758711745144_n.jpg","keywords":["capacitaci\u00f3n","General Deheza","RCP"],"articleSection":["Cursos"],"inLanguage":"es"},{"@type":"WebPage","@id":"https:\/\/oibca.gob.ar\/main\/capacitacion-sobre-rcp-y-uso-de-dea-en-el-corralon-municipal-de-general-deheza-parte-ii\/","url":"https:\/\/oibca.gob.ar\/main\/capacitacion-sobre-rcp-y-uso-de-dea-en-el-corralon-municipal-de-general-deheza-parte-ii\/","name":"Capacitaci\u00f3n sobre RCP y uso de DEA en el Corral\u00f3n Municipal de General Deheza: Parte II - OIBCA","isPartOf":{"@id":"https:\/\/oibca.gob.ar\/main\/#website"},"primaryImageOfPage":{"@id":"https:\/\/oibca.gob.ar\/main\/capacitacion-sobre-rcp-y-uso-de-dea-en-el-corralon-municipal-de-general-deheza-parte-ii\/#primaryimage"},"image":{"@id":"https:\/\/oibca.gob.ar\/main\/capacitacion-sobre-rcp-y-uso-de-dea-en-el-corralon-municipal-de-general-deheza-parte-ii\/#primaryimage"},"thumbnailUrl":"https:\/\/oibca.gob.ar\/main\/wp-content\/uploads\/2023\/01\/317844422_447787250862972_3094967758711745144_n.jpg","datePublished":"2022-12-02T11:32:39+00:00","dateModified":"2023-01-26T11:42:36+00:00","inLanguage":"es","potentialAction":[{"@type":"ReadAction","target":["https:\/\/oibca.gob.ar\/main\/capacitacion-sobre-rcp-y-uso-de-dea-en-el-corralon-municipal-de-general-deheza-parte-ii\/"]}]},{"@type":"ImageObject","inLanguage":"es","@id":"https:\/\/oibca.gob.ar\/main\/capacitacion-sobre-rcp-y-uso-de-dea-en-el-corralon-municipal-de-general-deheza-parte-ii\/#primaryimage","url":"https:\/\/oibca.gob.ar\/main\/wp-content\/uploads\/2023\/01\/317844422_447787250862972_3094967758711745144_n.jpg","contentUrl":"https:\/\/oibca.gob.ar\/main\/wp-content\/uploads\/2023\/01\/317844422_447787250862972_3094967758711745144_n.jpg","width":1600,"height":1200,"caption":"Capacitaci\u00f3n sobre RCP y uso de DEA en el Corral\u00f3n Municipal de General Deheza: Parte II"},{"@type":"WebSite","@id":"https:\/\/oibca.gob.ar\/main\/#website","url":"https:\/\/oibca.gob.ar\/main\/","name":"OIBCA","description":"Organismo Intermunicipal de Bromatologia y Control Ambiental","publisher":{"@id":"https:\/\/oibca.gob.ar\/main\/#organization"},"potentialAction":[{"@type":"SearchAction","target":{"@type":"EntryPoint","urlTemplate":"https:\/\/oibca.gob.ar\/main\/?s={search_term_string}"},"query-input":{"@type":"PropertyValueSpecification","valueRequired":true,"valueName":"search_term_string"}}],"inLanguage":"es"},{"@type":"Organization","@id":"https:\/\/oibca.gob.ar\/main\/#organization","name":"OIBCA","url":"https:\/\/oibca.gob.ar\/main\/","logo":{"@type":"ImageObject","inLanguage":"es","@id":"https:\/\/oibca.gob.ar\/main\/#\/schema\/logo\/image\/","url":"https:\/\/oibca.gob.ar\/main\/wp-content\/uploads\/2022\/03\/logo-OIBCA.png","contentUrl":"https:\/\/oibca.gob.ar\/main\/wp-content\/uploads\/2022\/03\/logo-OIBCA.png","width":262,"height":244,"caption":"OIBCA"},"image":{"@id":"https:\/\/oibca.gob.ar\/main\/#\/schema\/logo\/image\/"}},{"@type":"Person","@id":"https:\/\/oibca.gob.ar\/main\/#\/schema\/person\/1056d8678520282d647bac14db0a6500","name":"c2351037","image":{"@type":"ImageObject","inLanguage":"es","@id":"https:\/\/secure.gravatar.com\/avatar\/58ae59209614e7b73eb4cc76cc09ead151ab1c5db9b8df031c3781954a5d5647?s=96&d=mm&r=g","url":"https:\/\/secure.gravatar.com\/avatar\/58ae59209614e7b73eb4cc76cc09ead151ab1c5db9b8df031c3781954a5d5647?s=96&d=mm&r=g","contentUrl":"https:\/\/secure.gravatar.com\/avatar\/58ae59209614e7b73eb4cc76cc09ead151ab1c5db9b8df031c3781954a5d5647?s=96&d=mm&r=g","caption":"c2351037"},"url":"https:\/\/oibca.gob.ar\/main\/author\/c2351037\/"}]}},"_links":{"self":[{"href":"https:\/\/oibca.gob.ar\/main\/wp-json\/wp\/v2\/posts\/663","targetHints":{"allow":["GET"]}}],"collection":[{"href":"https:\/\/oibca.gob.ar\/main\/wp-json\/wp\/v2\/posts"}],"about":[{"href":"https:\/\/oibca.gob.ar\/main\/wp-json\/wp\/v2\/types\/post"}],"author":[{"embeddable":true,"href":"https:\/\/oibca.gob.ar\/main\/wp-json\/wp\/v2\/users\/2"}],"replies":[{"embeddable":true,"href":"https:\/\/oibca.gob.ar\/main\/wp-json\/wp\/v2\/comments?post=663"}],"version-history":[{"count":1,"href":"https:\/\/oibca.gob.ar\/main\/wp-json\/wp\/v2\/posts\/663\/revisions"}],"predecessor-version":[{"id":672,"href":"https:\/\/oibca.gob.ar\/main\/wp-json\/wp\/v2\/posts\/663\/revisions\/672"}],"wp:featuredmedia":[{"embeddable":true,"href":"https:\/\/oibca.gob.ar\/main\/wp-json\/wp\/v2\/media\/664"}],"wp:attachment":[{"href":"https:\/\/oibca.gob.ar\/main\/wp-json\/wp\/v2\/media?parent=663"}],"wp:term":[{"taxonomy":"category","embeddable":true,"href":"https:\/\/oibca.gob.ar\/main\/wp-json\/wp\/v2\/categories?post=663"},{"taxonomy":"post_tag","embeddable":true,"href":"https:\/\/oibca.gob.ar\/main\/wp-json\/wp\/v2\/tags?post=663"}],"curies":[{"name":"wp","href":"https:\/\/api.w.org\/{rel}","templated":true}]}}