{"id":862,"date":"2023-03-17T11:37:00","date_gmt":"2023-03-17T14:37:00","guid":{"rendered":"https:\/\/oibca.gob.ar\/main\/?p=862"},"modified":"2023-03-27T11:40:50","modified_gmt":"2023-03-27T14:40:50","slug":"continua-la-capacitacion-para-autoridades-de-control-del-transito-y-seguridad-vial-2","status":"publish","type":"post","link":"https:\/\/oibca.gob.ar\/main\/continua-la-capacitacion-para-autoridades-de-control-del-transito-y-seguridad-vial-2\/","title":{"rendered":"Contin\u00faa la Capacitaci\u00f3n para Autoridades de Control del Tr\u00e1nsito y Seguridad Vial"},"content":{"rendered":"\n<figure class=\"wp-block-image size-large\"><a href=\"https:\/\/oibca.gob.ar\/main\/wp-content\/uploads\/2023\/03\/Continua-la-Capacitacion-para-Autoridades-de-Control-del-Transito-y-Seguridad-Vial-5.jpg\"><img fetchpriority=\"high\" decoding=\"async\" width=\"1024\" height=\"766\" src=\"https:\/\/oibca.gob.ar\/main\/wp-content\/uploads\/2023\/03\/Continua-la-Capacitacion-para-Autoridades-de-Control-del-Transito-y-Seguridad-Vial-5-1024x766.jpg\" alt=\"Contin\u00faa la Capacitaci\u00f3n para Autoridades de Control del Tr\u00e1nsito y Seguridad Vial\" class=\"wp-image-863\" srcset=\"https:\/\/oibca.gob.ar\/main\/wp-content\/uploads\/2023\/03\/Continua-la-Capacitacion-para-Autoridades-de-Control-del-Transito-y-Seguridad-Vial-5-1024x766.jpg 1024w, https:\/\/oibca.gob.ar\/main\/wp-content\/uploads\/2023\/03\/Continua-la-Capacitacion-para-Autoridades-de-Control-del-Transito-y-Seguridad-Vial-5-300x224.jpg 300w, https:\/\/oibca.gob.ar\/main\/wp-content\/uploads\/2023\/03\/Continua-la-Capacitacion-para-Autoridades-de-Control-del-Transito-y-Seguridad-Vial-5-768x575.jpg 768w, https:\/\/oibca.gob.ar\/main\/wp-content\/uploads\/2023\/03\/Continua-la-Capacitacion-para-Autoridades-de-Control-del-Transito-y-Seguridad-Vial-5-1536x1149.jpg 1536w, https:\/\/oibca.gob.ar\/main\/wp-content\/uploads\/2023\/03\/Continua-la-Capacitacion-para-Autoridades-de-Control-del-Transito-y-Seguridad-Vial-5.jpg 1600w\" sizes=\"(max-width: 1024px) 100vw, 1024px\" \/><\/a><\/figure>\n\n\n\n<p>Compartimos algunas im\u00e1genes de los \u00faltimos dos encuentros de la Capacitaci\u00f3n para Autoridades de Control del Tr\u00e1nsito y Seguridad Vial \u2013 Evaluadores Te\u00f3rico Pr\u00e1cticos.<\/p>\n\n\n\n<p>La misma est\u00e1 destinada a los\/as aspirantes a Autoridades de Control de Tr\u00e1nsito de los municipios que integran el OIBCA y los \u00faltimos encuentros estuvieron a cargo del capacitador Alejandro Guzm\u00e1n Vega.<\/p>\n\n\n\n<figure class=\"wp-block-gallery has-nested-images columns-default is-cropped wp-block-gallery-1 is-layout-flex wp-block-gallery-is-layout-flex\">\n<figure class=\"wp-block-image size-large\"><a href=\"https:\/\/oibca.gob.ar\/main\/wp-content\/uploads\/2023\/03\/Continua-la-Capacitacion-para-Autoridades-de-Control-del-Transito-y-Seguridad-Vial-3.jpg\"><img decoding=\"async\" width=\"1024\" height=\"766\" data-id=\"864\" src=\"https:\/\/oibca.gob.ar\/main\/wp-content\/uploads\/2023\/03\/Continua-la-Capacitacion-para-Autoridades-de-Control-del-Transito-y-Seguridad-Vial-3-1024x766.jpg\" alt=\"\" class=\"wp-image-864\" srcset=\"https:\/\/oibca.gob.ar\/main\/wp-content\/uploads\/2023\/03\/Continua-la-Capacitacion-para-Autoridades-de-Control-del-Transito-y-Seguridad-Vial-3-1024x766.jpg 1024w, https:\/\/oibca.gob.ar\/main\/wp-content\/uploads\/2023\/03\/Continua-la-Capacitacion-para-Autoridades-de-Control-del-Transito-y-Seguridad-Vial-3-300x224.jpg 300w, https:\/\/oibca.gob.ar\/main\/wp-content\/uploads\/2023\/03\/Continua-la-Capacitacion-para-Autoridades-de-Control-del-Transito-y-Seguridad-Vial-3-768x575.jpg 768w, https:\/\/oibca.gob.ar\/main\/wp-content\/uploads\/2023\/03\/Continua-la-Capacitacion-para-Autoridades-de-Control-del-Transito-y-Seguridad-Vial-3-1536x1149.jpg 1536w, https:\/\/oibca.gob.ar\/main\/wp-content\/uploads\/2023\/03\/Continua-la-Capacitacion-para-Autoridades-de-Control-del-Transito-y-Seguridad-Vial-3.jpg 1600w\" sizes=\"(max-width: 1024px) 100vw, 1024px\" \/><\/a><\/figure>\n\n\n\n<figure class=\"wp-block-image size-large\"><a href=\"https:\/\/oibca.gob.ar\/main\/wp-content\/uploads\/2023\/03\/Continua-la-Capacitacion-para-Autoridades-de-Control-del-Transito-y-Seguridad-Vial-4.jpg\"><img decoding=\"async\" width=\"1024\" height=\"766\" data-id=\"865\" src=\"https:\/\/oibca.gob.ar\/main\/wp-content\/uploads\/2023\/03\/Continua-la-Capacitacion-para-Autoridades-de-Control-del-Transito-y-Seguridad-Vial-4-1024x766.jpg\" alt=\"\" class=\"wp-image-865\" srcset=\"https:\/\/oibca.gob.ar\/main\/wp-content\/uploads\/2023\/03\/Continua-la-Capacitacion-para-Autoridades-de-Control-del-Transito-y-Seguridad-Vial-4-1024x766.jpg 1024w, https:\/\/oibca.gob.ar\/main\/wp-content\/uploads\/2023\/03\/Continua-la-Capacitacion-para-Autoridades-de-Control-del-Transito-y-Seguridad-Vial-4-300x224.jpg 300w, https:\/\/oibca.gob.ar\/main\/wp-content\/uploads\/2023\/03\/Continua-la-Capacitacion-para-Autoridades-de-Control-del-Transito-y-Seguridad-Vial-4-768x575.jpg 768w, https:\/\/oibca.gob.ar\/main\/wp-content\/uploads\/2023\/03\/Continua-la-Capacitacion-para-Autoridades-de-Control-del-Transito-y-Seguridad-Vial-4-1536x1149.jpg 1536w, https:\/\/oibca.gob.ar\/main\/wp-content\/uploads\/2023\/03\/Continua-la-Capacitacion-para-Autoridades-de-Control-del-Transito-y-Seguridad-Vial-4.jpg 1600w\" sizes=\"(max-width: 1024px) 100vw, 1024px\" \/><\/a><\/figure>\n\n\n\n<figure class=\"wp-block-image size-large\"><a href=\"https:\/\/oibca.gob.ar\/main\/wp-content\/uploads\/2023\/03\/Continua-la-Capacitacion-para-Autoridades-de-Control-del-Transito-y-Seguridad-Vial-1.jpg\"><img loading=\"lazy\" decoding=\"async\" width=\"1024\" height=\"766\" data-id=\"866\" src=\"https:\/\/oibca.gob.ar\/main\/wp-content\/uploads\/2023\/03\/Continua-la-Capacitacion-para-Autoridades-de-Control-del-Transito-y-Seguridad-Vial-1-1024x766.jpg\" alt=\"\" class=\"wp-image-866\" srcset=\"https:\/\/oibca.gob.ar\/main\/wp-content\/uploads\/2023\/03\/Continua-la-Capacitacion-para-Autoridades-de-Control-del-Transito-y-Seguridad-Vial-1-1024x766.jpg 1024w, https:\/\/oibca.gob.ar\/main\/wp-content\/uploads\/2023\/03\/Continua-la-Capacitacion-para-Autoridades-de-Control-del-Transito-y-Seguridad-Vial-1-300x224.jpg 300w, https:\/\/oibca.gob.ar\/main\/wp-content\/uploads\/2023\/03\/Continua-la-Capacitacion-para-Autoridades-de-Control-del-Transito-y-Seguridad-Vial-1-768x575.jpg 768w, https:\/\/oibca.gob.ar\/main\/wp-content\/uploads\/2023\/03\/Continua-la-Capacitacion-para-Autoridades-de-Control-del-Transito-y-Seguridad-Vial-1-1536x1149.jpg 1536w, https:\/\/oibca.gob.ar\/main\/wp-content\/uploads\/2023\/03\/Continua-la-Capacitacion-para-Autoridades-de-Control-del-Transito-y-Seguridad-Vial-1.jpg 1600w\" sizes=\"(max-width: 1024px) 100vw, 1024px\" \/><\/a><\/figure>\n\n\n\n<figure class=\"wp-block-image size-large\"><a href=\"https:\/\/oibca.gob.ar\/main\/wp-content\/uploads\/2023\/03\/Continua-la-Capacitacion-para-Autoridades-de-Control-del-Transito-y-Seguridad-Vial-2.jpg\"><img loading=\"lazy\" decoding=\"async\" width=\"1024\" height=\"766\" data-id=\"867\" src=\"https:\/\/oibca.gob.ar\/main\/wp-content\/uploads\/2023\/03\/Continua-la-Capacitacion-para-Autoridades-de-Control-del-Transito-y-Seguridad-Vial-2-1024x766.jpg\" alt=\"\" class=\"wp-image-867\" srcset=\"https:\/\/oibca.gob.ar\/main\/wp-content\/uploads\/2023\/03\/Continua-la-Capacitacion-para-Autoridades-de-Control-del-Transito-y-Seguridad-Vial-2-1024x766.jpg 1024w, https:\/\/oibca.gob.ar\/main\/wp-content\/uploads\/2023\/03\/Continua-la-Capacitacion-para-Autoridades-de-Control-del-Transito-y-Seguridad-Vial-2-300x224.jpg 300w, https:\/\/oibca.gob.ar\/main\/wp-content\/uploads\/2023\/03\/Continua-la-Capacitacion-para-Autoridades-de-Control-del-Transito-y-Seguridad-Vial-2-768x575.jpg 768w, https:\/\/oibca.gob.ar\/main\/wp-content\/uploads\/2023\/03\/Continua-la-Capacitacion-para-Autoridades-de-Control-del-Transito-y-Seguridad-Vial-2-1536x1149.jpg 1536w, https:\/\/oibca.gob.ar\/main\/wp-content\/uploads\/2023\/03\/Continua-la-Capacitacion-para-Autoridades-de-Control-del-Transito-y-Seguridad-Vial-2.jpg 1600w\" sizes=\"(max-width: 1024px) 100vw, 1024px\" \/><\/a><\/figure>\n<\/figure>\n","protected":false},"excerpt":{"rendered":"<p>Capacitaci\u00f3n para Autoridades de Control del Tr\u00e1nsito y Seguridad Vial \u2013 Evaluadores Te\u00f3rico Pr\u00e1cticos.<\/p>\n","protected":false},"author":2,"featured_media":863,"comment_status":"open","ping_status":"open","sticky":false,"template":"","format":"standard","meta":{"site-sidebar-layout":"default","site-content-layout":"","ast-site-content-layout":"default","site-content-style":"default","site-sidebar-style":"default","ast-global-header-display":"","ast-banner-title-visibility":"","ast-main-header-display":"","ast-hfb-above-header-display":"","ast-hfb-below-header-display":"","ast-hfb-mobile-header-display":"","site-post-title":"","ast-breadcrumbs-content":"","ast-featured-img":"","footer-sml-layout":"","ast-disable-related-posts":"","theme-transparent-header-meta":"","adv-header-id-meta":"","stick-header-meta":"","header-above-stick-meta":"","header-main-stick-meta":"","header-below-stick-meta":"","astra-migrate-meta-layouts":"default","ast-page-background-enabled":"default","ast-page-background-meta":{"desktop":{"background-color":"var(--ast-global-color-4)","background-image":"","background-repeat":"repeat","background-position":"center center","background-size":"auto","background-attachment":"scroll","background-type":"","background-media":"","overlay-type":"","overlay-color":"","overlay-opacity":"","overlay-gradient":""},"tablet":{"background-color":"","background-image":"","background-repeat":"repeat","background-position":"center center","background-size":"auto","background-attachment":"scroll","background-type":"","background-media":"","overlay-type":"","overlay-color":"","overlay-opacity":"","overlay-gradient":""},"mobile":{"background-color":"","background-image":"","background-repeat":"repeat","background-position":"center center","background-size":"auto","background-attachment":"scroll","background-type":"","background-media":"","overlay-type":"","overlay-color":"","overlay-opacity":"","overlay-gradient":""}},"ast-content-background-meta":{"desktop":{"background-color":"var(--ast-global-color-5)","background-image":"","background-repeat":"repeat","background-position":"center center","background-size":"auto","background-attachment":"scroll","background-type":"","background-media":"","overlay-type":"","overlay-color":"","overlay-opacity":"","overlay-gradient":""},"tablet":{"background-color":"var(--ast-global-color-5)","background-image":"","background-repeat":"repeat","background-position":"center center","background-size":"auto","background-attachment":"scroll","background-type":"","background-media":"","overlay-type":"","overlay-color":"","overlay-opacity":"","overlay-gradient":""},"mobile":{"background-color":"var(--ast-global-color-5)","background-image":"","background-repeat":"repeat","background-position":"center center","background-size":"auto","background-attachment":"scroll","background-type":"","background-media":"","overlay-type":"","overlay-color":"","overlay-opacity":"","overlay-gradient":""}},"footnotes":""},"categories":[6],"tags":[4,8,20],"class_list":["post-862","post","type-post","status-publish","format-standard","has-post-thumbnail","hentry","category-cursos","tag-capacitacion","tag-control","tag-transito"],"yoast_head":"<!-- This site is optimized with the Yoast SEO plugin v27.4 - https:\/\/yoast.com\/product\/yoast-seo-wordpress\/ -->\n<title>Contin\u00faa la Capacitaci\u00f3n para Autoridades de Control del Tr\u00e1nsito y Seguridad Vial - OIBCA<\/title>\n<meta name=\"robots\" content=\"index, follow, max-snippet:-1, max-image-preview:large, max-video-preview:-1\" \/>\n<link rel=\"canonical\" href=\"https:\/\/oibca.gob.ar\/main\/continua-la-capacitacion-para-autoridades-de-control-del-transito-y-seguridad-vial-2\/\" \/>\n<meta property=\"og:locale\" content=\"es_ES\" \/>\n<meta property=\"og:type\" content=\"article\" \/>\n<meta property=\"og:title\" content=\"Contin\u00faa la Capacitaci\u00f3n para Autoridades de Control del Tr\u00e1nsito y Seguridad Vial - OIBCA\" \/>\n<meta property=\"og:description\" content=\"Capacitaci\u00f3n para Autoridades de Control del Tr\u00e1nsito y Seguridad Vial \u2013 Evaluadores Te\u00f3rico Pr\u00e1cticos.\" \/>\n<meta property=\"og:url\" content=\"https:\/\/oibca.gob.ar\/main\/continua-la-capacitacion-para-autoridades-de-control-del-transito-y-seguridad-vial-2\/\" \/>\n<meta property=\"og:site_name\" content=\"OIBCA\" \/>\n<meta property=\"article:published_time\" content=\"2023-03-17T14:37:00+00:00\" \/>\n<meta property=\"article:modified_time\" content=\"2023-03-27T14:40:50+00:00\" \/>\n<meta property=\"og:image\" content=\"https:\/\/oibca.gob.ar\/main\/wp-content\/uploads\/2023\/03\/Continua-la-Capacitacion-para-Autoridades-de-Control-del-Transito-y-Seguridad-Vial-5.jpg\" \/>\n\t<meta property=\"og:image:width\" content=\"1600\" \/>\n\t<meta property=\"og:image:height\" content=\"1197\" \/>\n\t<meta property=\"og:image:type\" content=\"image\/jpeg\" \/>\n<meta name=\"author\" content=\"c2351037\" \/>\n<meta name=\"twitter:card\" content=\"summary_large_image\" \/>\n<meta name=\"twitter:label1\" content=\"Escrito por\" \/>\n\t<meta name=\"twitter:data1\" content=\"c2351037\" \/>\n\t<meta name=\"twitter:label2\" content=\"Tiempo de lectura\" \/>\n\t<meta name=\"twitter:data2\" content=\"2 minutos\" \/>\n<script type=\"application\/ld+json\" class=\"yoast-schema-graph\">{\"@context\":\"https:\\\/\\\/schema.org\",\"@graph\":[{\"@type\":\"Article\",\"@id\":\"https:\\\/\\\/oibca.gob.ar\\\/main\\\/continua-la-capacitacion-para-autoridades-de-control-del-transito-y-seguridad-vial-2\\\/#article\",\"isPartOf\":{\"@id\":\"https:\\\/\\\/oibca.gob.ar\\\/main\\\/continua-la-capacitacion-para-autoridades-de-control-del-transito-y-seguridad-vial-2\\\/\"},\"author\":{\"name\":\"c2351037\",\"@id\":\"https:\\\/\\\/oibca.gob.ar\\\/main\\\/#\\\/schema\\\/person\\\/1056d8678520282d647bac14db0a6500\"},\"headline\":\"Contin\u00faa la Capacitaci\u00f3n para Autoridades de Control del Tr\u00e1nsito y Seguridad Vial\",\"datePublished\":\"2023-03-17T14:37:00+00:00\",\"dateModified\":\"2023-03-27T14:40:50+00:00\",\"mainEntityOfPage\":{\"@id\":\"https:\\\/\\\/oibca.gob.ar\\\/main\\\/continua-la-capacitacion-para-autoridades-de-control-del-transito-y-seguridad-vial-2\\\/\"},\"wordCount\":78,\"commentCount\":0,\"publisher\":{\"@id\":\"https:\\\/\\\/oibca.gob.ar\\\/main\\\/#organization\"},\"image\":{\"@id\":\"https:\\\/\\\/oibca.gob.ar\\\/main\\\/continua-la-capacitacion-para-autoridades-de-control-del-transito-y-seguridad-vial-2\\\/#primaryimage\"},\"thumbnailUrl\":\"https:\\\/\\\/oibca.gob.ar\\\/main\\\/wp-content\\\/uploads\\\/2023\\\/03\\\/Continua-la-Capacitacion-para-Autoridades-de-Control-del-Transito-y-Seguridad-Vial-5.jpg\",\"keywords\":[\"capacitaci\u00f3n\",\"Control\",\"tr\u00e1nsito\"],\"articleSection\":[\"Cursos\"],\"inLanguage\":\"es\",\"potentialAction\":[{\"@type\":\"CommentAction\",\"name\":\"Comment\",\"target\":[\"https:\\\/\\\/oibca.gob.ar\\\/main\\\/continua-la-capacitacion-para-autoridades-de-control-del-transito-y-seguridad-vial-2\\\/#respond\"]}]},{\"@type\":\"WebPage\",\"@id\":\"https:\\\/\\\/oibca.gob.ar\\\/main\\\/continua-la-capacitacion-para-autoridades-de-control-del-transito-y-seguridad-vial-2\\\/\",\"url\":\"https:\\\/\\\/oibca.gob.ar\\\/main\\\/continua-la-capacitacion-para-autoridades-de-control-del-transito-y-seguridad-vial-2\\\/\",\"name\":\"Contin\u00faa la Capacitaci\u00f3n para Autoridades de Control del Tr\u00e1nsito y Seguridad Vial - OIBCA\",\"isPartOf\":{\"@id\":\"https:\\\/\\\/oibca.gob.ar\\\/main\\\/#website\"},\"primaryImageOfPage\":{\"@id\":\"https:\\\/\\\/oibca.gob.ar\\\/main\\\/continua-la-capacitacion-para-autoridades-de-control-del-transito-y-seguridad-vial-2\\\/#primaryimage\"},\"image\":{\"@id\":\"https:\\\/\\\/oibca.gob.ar\\\/main\\\/continua-la-capacitacion-para-autoridades-de-control-del-transito-y-seguridad-vial-2\\\/#primaryimage\"},\"thumbnailUrl\":\"https:\\\/\\\/oibca.gob.ar\\\/main\\\/wp-content\\\/uploads\\\/2023\\\/03\\\/Continua-la-Capacitacion-para-Autoridades-de-Control-del-Transito-y-Seguridad-Vial-5.jpg\",\"datePublished\":\"2023-03-17T14:37:00+00:00\",\"dateModified\":\"2023-03-27T14:40:50+00:00\",\"inLanguage\":\"es\",\"potentialAction\":[{\"@type\":\"ReadAction\",\"target\":[\"https:\\\/\\\/oibca.gob.ar\\\/main\\\/continua-la-capacitacion-para-autoridades-de-control-del-transito-y-seguridad-vial-2\\\/\"]}]},{\"@type\":\"ImageObject\",\"inLanguage\":\"es\",\"@id\":\"https:\\\/\\\/oibca.gob.ar\\\/main\\\/continua-la-capacitacion-para-autoridades-de-control-del-transito-y-seguridad-vial-2\\\/#primaryimage\",\"url\":\"https:\\\/\\\/oibca.gob.ar\\\/main\\\/wp-content\\\/uploads\\\/2023\\\/03\\\/Continua-la-Capacitacion-para-Autoridades-de-Control-del-Transito-y-Seguridad-Vial-5.jpg\",\"contentUrl\":\"https:\\\/\\\/oibca.gob.ar\\\/main\\\/wp-content\\\/uploads\\\/2023\\\/03\\\/Continua-la-Capacitacion-para-Autoridades-de-Control-del-Transito-y-Seguridad-Vial-5.jpg\",\"width\":1600,\"height\":1197,\"caption\":\"Contin\u00faa la Capacitaci\u00f3n para Autoridades de Control del Tr\u00e1nsito y Seguridad Vial\"},{\"@type\":\"WebSite\",\"@id\":\"https:\\\/\\\/oibca.gob.ar\\\/main\\\/#website\",\"url\":\"https:\\\/\\\/oibca.gob.ar\\\/main\\\/\",\"name\":\"OIBCA\",\"description\":\"Organismo Intermunicipal de Bromatologia y Control Ambiental\",\"publisher\":{\"@id\":\"https:\\\/\\\/oibca.gob.ar\\\/main\\\/#organization\"},\"potentialAction\":[{\"@type\":\"SearchAction\",\"target\":{\"@type\":\"EntryPoint\",\"urlTemplate\":\"https:\\\/\\\/oibca.gob.ar\\\/main\\\/?s={search_term_string}\"},\"query-input\":{\"@type\":\"PropertyValueSpecification\",\"valueRequired\":true,\"valueName\":\"search_term_string\"}}],\"inLanguage\":\"es\"},{\"@type\":\"Organization\",\"@id\":\"https:\\\/\\\/oibca.gob.ar\\\/main\\\/#organization\",\"name\":\"OIBCA\",\"url\":\"https:\\\/\\\/oibca.gob.ar\\\/main\\\/\",\"logo\":{\"@type\":\"ImageObject\",\"inLanguage\":\"es\",\"@id\":\"https:\\\/\\\/oibca.gob.ar\\\/main\\\/#\\\/schema\\\/logo\\\/image\\\/\",\"url\":\"https:\\\/\\\/oibca.gob.ar\\\/main\\\/wp-content\\\/uploads\\\/2022\\\/03\\\/logo-OIBCA.png\",\"contentUrl\":\"https:\\\/\\\/oibca.gob.ar\\\/main\\\/wp-content\\\/uploads\\\/2022\\\/03\\\/logo-OIBCA.png\",\"width\":262,\"height\":244,\"caption\":\"OIBCA\"},\"image\":{\"@id\":\"https:\\\/\\\/oibca.gob.ar\\\/main\\\/#\\\/schema\\\/logo\\\/image\\\/\"}},{\"@type\":\"Person\",\"@id\":\"https:\\\/\\\/oibca.gob.ar\\\/main\\\/#\\\/schema\\\/person\\\/1056d8678520282d647bac14db0a6500\",\"name\":\"c2351037\",\"image\":{\"@type\":\"ImageObject\",\"inLanguage\":\"es\",\"@id\":\"https:\\\/\\\/secure.gravatar.com\\\/avatar\\\/58ae59209614e7b73eb4cc76cc09ead151ab1c5db9b8df031c3781954a5d5647?s=96&d=mm&r=g\",\"url\":\"https:\\\/\\\/secure.gravatar.com\\\/avatar\\\/58ae59209614e7b73eb4cc76cc09ead151ab1c5db9b8df031c3781954a5d5647?s=96&d=mm&r=g\",\"contentUrl\":\"https:\\\/\\\/secure.gravatar.com\\\/avatar\\\/58ae59209614e7b73eb4cc76cc09ead151ab1c5db9b8df031c3781954a5d5647?s=96&d=mm&r=g\",\"caption\":\"c2351037\"},\"url\":\"https:\\\/\\\/oibca.gob.ar\\\/main\\\/author\\\/c2351037\\\/\"}]}<\/script>\n<!-- \/ Yoast SEO plugin. -->","yoast_head_json":{"title":"Contin\u00faa la Capacitaci\u00f3n para Autoridades de Control del Tr\u00e1nsito y Seguridad Vial - OIBCA","robots":{"index":"index","follow":"follow","max-snippet":"max-snippet:-1","max-image-preview":"max-image-preview:large","max-video-preview":"max-video-preview:-1"},"canonical":"https:\/\/oibca.gob.ar\/main\/continua-la-capacitacion-para-autoridades-de-control-del-transito-y-seguridad-vial-2\/","og_locale":"es_ES","og_type":"article","og_title":"Contin\u00faa la Capacitaci\u00f3n para Autoridades de Control del Tr\u00e1nsito y Seguridad Vial - OIBCA","og_description":"Capacitaci\u00f3n para Autoridades de Control del Tr\u00e1nsito y Seguridad Vial \u2013 Evaluadores Te\u00f3rico Pr\u00e1cticos.","og_url":"https:\/\/oibca.gob.ar\/main\/continua-la-capacitacion-para-autoridades-de-control-del-transito-y-seguridad-vial-2\/","og_site_name":"OIBCA","article_published_time":"2023-03-17T14:37:00+00:00","article_modified_time":"2023-03-27T14:40:50+00:00","og_image":[{"width":1600,"height":1197,"url":"https:\/\/oibca.gob.ar\/main\/wp-content\/uploads\/2023\/03\/Continua-la-Capacitacion-para-Autoridades-de-Control-del-Transito-y-Seguridad-Vial-5.jpg","type":"image\/jpeg"}],"author":"c2351037","twitter_card":"summary_large_image","twitter_misc":{"Escrito por":"c2351037","Tiempo de lectura":"2 minutos"},"schema":{"@context":"https:\/\/schema.org","@graph":[{"@type":"Article","@id":"https:\/\/oibca.gob.ar\/main\/continua-la-capacitacion-para-autoridades-de-control-del-transito-y-seguridad-vial-2\/#article","isPartOf":{"@id":"https:\/\/oibca.gob.ar\/main\/continua-la-capacitacion-para-autoridades-de-control-del-transito-y-seguridad-vial-2\/"},"author":{"name":"c2351037","@id":"https:\/\/oibca.gob.ar\/main\/#\/schema\/person\/1056d8678520282d647bac14db0a6500"},"headline":"Contin\u00faa la Capacitaci\u00f3n para Autoridades de Control del Tr\u00e1nsito y Seguridad Vial","datePublished":"2023-03-17T14:37:00+00:00","dateModified":"2023-03-27T14:40:50+00:00","mainEntityOfPage":{"@id":"https:\/\/oibca.gob.ar\/main\/continua-la-capacitacion-para-autoridades-de-control-del-transito-y-seguridad-vial-2\/"},"wordCount":78,"commentCount":0,"publisher":{"@id":"https:\/\/oibca.gob.ar\/main\/#organization"},"image":{"@id":"https:\/\/oibca.gob.ar\/main\/continua-la-capacitacion-para-autoridades-de-control-del-transito-y-seguridad-vial-2\/#primaryimage"},"thumbnailUrl":"https:\/\/oibca.gob.ar\/main\/wp-content\/uploads\/2023\/03\/Continua-la-Capacitacion-para-Autoridades-de-Control-del-Transito-y-Seguridad-Vial-5.jpg","keywords":["capacitaci\u00f3n","Control","tr\u00e1nsito"],"articleSection":["Cursos"],"inLanguage":"es","potentialAction":[{"@type":"CommentAction","name":"Comment","target":["https:\/\/oibca.gob.ar\/main\/continua-la-capacitacion-para-autoridades-de-control-del-transito-y-seguridad-vial-2\/#respond"]}]},{"@type":"WebPage","@id":"https:\/\/oibca.gob.ar\/main\/continua-la-capacitacion-para-autoridades-de-control-del-transito-y-seguridad-vial-2\/","url":"https:\/\/oibca.gob.ar\/main\/continua-la-capacitacion-para-autoridades-de-control-del-transito-y-seguridad-vial-2\/","name":"Contin\u00faa la Capacitaci\u00f3n para Autoridades de Control del Tr\u00e1nsito y Seguridad Vial - OIBCA","isPartOf":{"@id":"https:\/\/oibca.gob.ar\/main\/#website"},"primaryImageOfPage":{"@id":"https:\/\/oibca.gob.ar\/main\/continua-la-capacitacion-para-autoridades-de-control-del-transito-y-seguridad-vial-2\/#primaryimage"},"image":{"@id":"https:\/\/oibca.gob.ar\/main\/continua-la-capacitacion-para-autoridades-de-control-del-transito-y-seguridad-vial-2\/#primaryimage"},"thumbnailUrl":"https:\/\/oibca.gob.ar\/main\/wp-content\/uploads\/2023\/03\/Continua-la-Capacitacion-para-Autoridades-de-Control-del-Transito-y-Seguridad-Vial-5.jpg","datePublished":"2023-03-17T14:37:00+00:00","dateModified":"2023-03-27T14:40:50+00:00","inLanguage":"es","potentialAction":[{"@type":"ReadAction","target":["https:\/\/oibca.gob.ar\/main\/continua-la-capacitacion-para-autoridades-de-control-del-transito-y-seguridad-vial-2\/"]}]},{"@type":"ImageObject","inLanguage":"es","@id":"https:\/\/oibca.gob.ar\/main\/continua-la-capacitacion-para-autoridades-de-control-del-transito-y-seguridad-vial-2\/#primaryimage","url":"https:\/\/oibca.gob.ar\/main\/wp-content\/uploads\/2023\/03\/Continua-la-Capacitacion-para-Autoridades-de-Control-del-Transito-y-Seguridad-Vial-5.jpg","contentUrl":"https:\/\/oibca.gob.ar\/main\/wp-content\/uploads\/2023\/03\/Continua-la-Capacitacion-para-Autoridades-de-Control-del-Transito-y-Seguridad-Vial-5.jpg","width":1600,"height":1197,"caption":"Contin\u00faa la Capacitaci\u00f3n para Autoridades de Control del Tr\u00e1nsito y Seguridad Vial"},{"@type":"WebSite","@id":"https:\/\/oibca.gob.ar\/main\/#website","url":"https:\/\/oibca.gob.ar\/main\/","name":"OIBCA","description":"Organismo Intermunicipal de Bromatologia y Control Ambiental","publisher":{"@id":"https:\/\/oibca.gob.ar\/main\/#organization"},"potentialAction":[{"@type":"SearchAction","target":{"@type":"EntryPoint","urlTemplate":"https:\/\/oibca.gob.ar\/main\/?s={search_term_string}"},"query-input":{"@type":"PropertyValueSpecification","valueRequired":true,"valueName":"search_term_string"}}],"inLanguage":"es"},{"@type":"Organization","@id":"https:\/\/oibca.gob.ar\/main\/#organization","name":"OIBCA","url":"https:\/\/oibca.gob.ar\/main\/","logo":{"@type":"ImageObject","inLanguage":"es","@id":"https:\/\/oibca.gob.ar\/main\/#\/schema\/logo\/image\/","url":"https:\/\/oibca.gob.ar\/main\/wp-content\/uploads\/2022\/03\/logo-OIBCA.png","contentUrl":"https:\/\/oibca.gob.ar\/main\/wp-content\/uploads\/2022\/03\/logo-OIBCA.png","width":262,"height":244,"caption":"OIBCA"},"image":{"@id":"https:\/\/oibca.gob.ar\/main\/#\/schema\/logo\/image\/"}},{"@type":"Person","@id":"https:\/\/oibca.gob.ar\/main\/#\/schema\/person\/1056d8678520282d647bac14db0a6500","name":"c2351037","image":{"@type":"ImageObject","inLanguage":"es","@id":"https:\/\/secure.gravatar.com\/avatar\/58ae59209614e7b73eb4cc76cc09ead151ab1c5db9b8df031c3781954a5d5647?s=96&d=mm&r=g","url":"https:\/\/secure.gravatar.com\/avatar\/58ae59209614e7b73eb4cc76cc09ead151ab1c5db9b8df031c3781954a5d5647?s=96&d=mm&r=g","contentUrl":"https:\/\/secure.gravatar.com\/avatar\/58ae59209614e7b73eb4cc76cc09ead151ab1c5db9b8df031c3781954a5d5647?s=96&d=mm&r=g","caption":"c2351037"},"url":"https:\/\/oibca.gob.ar\/main\/author\/c2351037\/"}]}},"_links":{"self":[{"href":"https:\/\/oibca.gob.ar\/main\/wp-json\/wp\/v2\/posts\/862","targetHints":{"allow":["GET"]}}],"collection":[{"href":"https:\/\/oibca.gob.ar\/main\/wp-json\/wp\/v2\/posts"}],"about":[{"href":"https:\/\/oibca.gob.ar\/main\/wp-json\/wp\/v2\/types\/post"}],"author":[{"embeddable":true,"href":"https:\/\/oibca.gob.ar\/main\/wp-json\/wp\/v2\/users\/2"}],"replies":[{"embeddable":true,"href":"https:\/\/oibca.gob.ar\/main\/wp-json\/wp\/v2\/comments?post=862"}],"version-history":[{"count":1,"href":"https:\/\/oibca.gob.ar\/main\/wp-json\/wp\/v2\/posts\/862\/revisions"}],"predecessor-version":[{"id":868,"href":"https:\/\/oibca.gob.ar\/main\/wp-json\/wp\/v2\/posts\/862\/revisions\/868"}],"wp:featuredmedia":[{"embeddable":true,"href":"https:\/\/oibca.gob.ar\/main\/wp-json\/wp\/v2\/media\/863"}],"wp:attachment":[{"href":"https:\/\/oibca.gob.ar\/main\/wp-json\/wp\/v2\/media?parent=862"}],"wp:term":[{"taxonomy":"category","embeddable":true,"href":"https:\/\/oibca.gob.ar\/main\/wp-json\/wp\/v2\/categories?post=862"},{"taxonomy":"post_tag","embeddable":true,"href":"https:\/\/oibca.gob.ar\/main\/wp-json\/wp\/v2\/tags?post=862"}],"curies":[{"name":"wp","href":"https:\/\/api.w.org\/{rel}","templated":true}]}}