{"id":869,"date":"2023-03-15T11:47:00","date_gmt":"2023-03-15T14:47:00","guid":{"rendered":"https:\/\/oibca.gob.ar\/main\/?p=869"},"modified":"2023-03-27T11:47:44","modified_gmt":"2023-03-27T14:47:44","slug":"capacitacion-en-primeros-auxilios-maniobras-de-rcp","status":"publish","type":"post","link":"https:\/\/oibca.gob.ar\/main\/capacitacion-en-primeros-auxilios-maniobras-de-rcp\/","title":{"rendered":"Capacitaci\u00f3n en primeros auxilios, maniobras de RCP."},"content":{"rendered":"\n<figure class=\"wp-block-image aligncenter size-large\"><a href=\"https:\/\/oibca.gob.ar\/main\/wp-content\/uploads\/2023\/03\/Continua-la-Capacitacion-para-Autoridades-de-Control-del-Transito-y-Seguridad-Vial7.jpg\"><img fetchpriority=\"high\" decoding=\"async\" width=\"1024\" height=\"768\" src=\"https:\/\/oibca.gob.ar\/main\/wp-content\/uploads\/2023\/03\/Continua-la-Capacitacion-para-Autoridades-de-Control-del-Transito-y-Seguridad-Vial7-1024x768.jpg\" alt=\"Capacitaci\u00f3n en primeros auxilios, maniobras de RCP\" class=\"wp-image-870\" srcset=\"https:\/\/oibca.gob.ar\/main\/wp-content\/uploads\/2023\/03\/Continua-la-Capacitacion-para-Autoridades-de-Control-del-Transito-y-Seguridad-Vial7-1024x768.jpg 1024w, https:\/\/oibca.gob.ar\/main\/wp-content\/uploads\/2023\/03\/Continua-la-Capacitacion-para-Autoridades-de-Control-del-Transito-y-Seguridad-Vial7-300x225.jpg 300w, https:\/\/oibca.gob.ar\/main\/wp-content\/uploads\/2023\/03\/Continua-la-Capacitacion-para-Autoridades-de-Control-del-Transito-y-Seguridad-Vial7-768x576.jpg 768w, https:\/\/oibca.gob.ar\/main\/wp-content\/uploads\/2023\/03\/Continua-la-Capacitacion-para-Autoridades-de-Control-del-Transito-y-Seguridad-Vial7-1536x1152.jpg 1536w, https:\/\/oibca.gob.ar\/main\/wp-content\/uploads\/2023\/03\/Continua-la-Capacitacion-para-Autoridades-de-Control-del-Transito-y-Seguridad-Vial7.jpg 1600w\" sizes=\"(max-width: 1024px) 100vw, 1024px\" \/><\/a><\/figure>\n\n\n\n<p>El mi\u00e9rcoles 15 de marzo se desarroll\u00f3 en el Complejo Ambiental de General Deheza una capacitaci\u00f3n en primeros auxilios, maniobras de RCP y uso del Desfibrilador Externo Autom\u00e1tico (DEA) a cargo del Lic. Julio Godoy.<\/p>\n\n\n\n<p>Este encuentro se desarroll\u00f3 en el marco del programa \u201cCiudad Cardioprotegida\u201d y en esta oportunidad estuvo dirigida al personal del Complejo Ambiental de la Municipalidad. <\/p>\n\n\n\n<p>Estos espacios de capacitaci\u00f3n son fundamentales para adquirir herramientas y poner en pr\u00e1ctica maniobras que reducen y evitan la morbimortalidad s\u00fabita.<\/p>\n\n\n\n<figure class=\"wp-block-gallery has-nested-images columns-default is-cropped wp-block-gallery-1 is-layout-flex wp-block-gallery-is-layout-flex\">\n<figure class=\"wp-block-image size-large\"><a href=\"https:\/\/oibca.gob.ar\/main\/wp-content\/uploads\/2023\/03\/Continua-la-Capacitacion-para-Autoridades-de-Control-del-Transito-y-Seguridad-Vial6.jpg\"><img decoding=\"async\" width=\"768\" height=\"1024\" data-id=\"871\" src=\"https:\/\/oibca.gob.ar\/main\/wp-content\/uploads\/2023\/03\/Continua-la-Capacitacion-para-Autoridades-de-Control-del-Transito-y-Seguridad-Vial6-768x1024.jpg\" alt=\"\" class=\"wp-image-871\" srcset=\"https:\/\/oibca.gob.ar\/main\/wp-content\/uploads\/2023\/03\/Continua-la-Capacitacion-para-Autoridades-de-Control-del-Transito-y-Seguridad-Vial6-768x1024.jpg 768w, https:\/\/oibca.gob.ar\/main\/wp-content\/uploads\/2023\/03\/Continua-la-Capacitacion-para-Autoridades-de-Control-del-Transito-y-Seguridad-Vial6-225x300.jpg 225w, https:\/\/oibca.gob.ar\/main\/wp-content\/uploads\/2023\/03\/Continua-la-Capacitacion-para-Autoridades-de-Control-del-Transito-y-Seguridad-Vial6-1152x1536.jpg 1152w, https:\/\/oibca.gob.ar\/main\/wp-content\/uploads\/2023\/03\/Continua-la-Capacitacion-para-Autoridades-de-Control-del-Transito-y-Seguridad-Vial6.jpg 1200w\" sizes=\"(max-width: 768px) 100vw, 768px\" \/><\/a><\/figure>\n\n\n\n<figure class=\"wp-block-image size-large\"><a href=\"https:\/\/oibca.gob.ar\/main\/wp-content\/uploads\/2023\/03\/Continua-la-Capacitacion-para-Autoridades-de-Control-del-Transito-y-Seguridad-Vial.jpg\"><img decoding=\"async\" width=\"768\" height=\"1024\" data-id=\"872\" src=\"https:\/\/oibca.gob.ar\/main\/wp-content\/uploads\/2023\/03\/Continua-la-Capacitacion-para-Autoridades-de-Control-del-Transito-y-Seguridad-Vial-768x1024.jpg\" alt=\"\" class=\"wp-image-872\" srcset=\"https:\/\/oibca.gob.ar\/main\/wp-content\/uploads\/2023\/03\/Continua-la-Capacitacion-para-Autoridades-de-Control-del-Transito-y-Seguridad-Vial-768x1024.jpg 768w, https:\/\/oibca.gob.ar\/main\/wp-content\/uploads\/2023\/03\/Continua-la-Capacitacion-para-Autoridades-de-Control-del-Transito-y-Seguridad-Vial-225x300.jpg 225w, https:\/\/oibca.gob.ar\/main\/wp-content\/uploads\/2023\/03\/Continua-la-Capacitacion-para-Autoridades-de-Control-del-Transito-y-Seguridad-Vial-1152x1536.jpg 1152w, https:\/\/oibca.gob.ar\/main\/wp-content\/uploads\/2023\/03\/Continua-la-Capacitacion-para-Autoridades-de-Control-del-Transito-y-Seguridad-Vial.jpg 1200w\" sizes=\"(max-width: 768px) 100vw, 768px\" \/><\/a><\/figure>\n\n\n\n<figure class=\"wp-block-image size-large\"><a href=\"https:\/\/oibca.gob.ar\/main\/wp-content\/uploads\/2023\/03\/Continua-la-Capacitacion-para-Autoridades-de-Control-del-Transito-y-Seguridad-Vial2.jpg\"><img loading=\"lazy\" decoding=\"async\" width=\"768\" height=\"1024\" data-id=\"873\" src=\"https:\/\/oibca.gob.ar\/main\/wp-content\/uploads\/2023\/03\/Continua-la-Capacitacion-para-Autoridades-de-Control-del-Transito-y-Seguridad-Vial2-768x1024.jpg\" alt=\"\" class=\"wp-image-873\" srcset=\"https:\/\/oibca.gob.ar\/main\/wp-content\/uploads\/2023\/03\/Continua-la-Capacitacion-para-Autoridades-de-Control-del-Transito-y-Seguridad-Vial2-768x1024.jpg 768w, https:\/\/oibca.gob.ar\/main\/wp-content\/uploads\/2023\/03\/Continua-la-Capacitacion-para-Autoridades-de-Control-del-Transito-y-Seguridad-Vial2-225x300.jpg 225w, https:\/\/oibca.gob.ar\/main\/wp-content\/uploads\/2023\/03\/Continua-la-Capacitacion-para-Autoridades-de-Control-del-Transito-y-Seguridad-Vial2-1152x1536.jpg 1152w, https:\/\/oibca.gob.ar\/main\/wp-content\/uploads\/2023\/03\/Continua-la-Capacitacion-para-Autoridades-de-Control-del-Transito-y-Seguridad-Vial2.jpg 1200w\" sizes=\"(max-width: 768px) 100vw, 768px\" \/><\/a><\/figure>\n\n\n\n<figure class=\"wp-block-image size-large\"><a href=\"https:\/\/oibca.gob.ar\/main\/wp-content\/uploads\/2023\/03\/Continua-la-Capacitacion-para-Autoridades-de-Control-del-Transito-y-Seguridad-Vial3.jpg\"><img loading=\"lazy\" decoding=\"async\" width=\"768\" height=\"1024\" data-id=\"874\" src=\"https:\/\/oibca.gob.ar\/main\/wp-content\/uploads\/2023\/03\/Continua-la-Capacitacion-para-Autoridades-de-Control-del-Transito-y-Seguridad-Vial3-768x1024.jpg\" alt=\"\" class=\"wp-image-874\" srcset=\"https:\/\/oibca.gob.ar\/main\/wp-content\/uploads\/2023\/03\/Continua-la-Capacitacion-para-Autoridades-de-Control-del-Transito-y-Seguridad-Vial3-768x1024.jpg 768w, https:\/\/oibca.gob.ar\/main\/wp-content\/uploads\/2023\/03\/Continua-la-Capacitacion-para-Autoridades-de-Control-del-Transito-y-Seguridad-Vial3-225x300.jpg 225w, https:\/\/oibca.gob.ar\/main\/wp-content\/uploads\/2023\/03\/Continua-la-Capacitacion-para-Autoridades-de-Control-del-Transito-y-Seguridad-Vial3-1152x1536.jpg 1152w, https:\/\/oibca.gob.ar\/main\/wp-content\/uploads\/2023\/03\/Continua-la-Capacitacion-para-Autoridades-de-Control-del-Transito-y-Seguridad-Vial3.jpg 1200w\" sizes=\"(max-width: 768px) 100vw, 768px\" \/><\/a><\/figure>\n\n\n\n<figure class=\"wp-block-image size-large\"><a href=\"https:\/\/oibca.gob.ar\/main\/wp-content\/uploads\/2023\/03\/Continua-la-Capacitacion-para-Autoridades-de-Control-del-Transito-y-Seguridad-Vial4.jpg\"><img loading=\"lazy\" decoding=\"async\" width=\"768\" height=\"1024\" data-id=\"875\" src=\"https:\/\/oibca.gob.ar\/main\/wp-content\/uploads\/2023\/03\/Continua-la-Capacitacion-para-Autoridades-de-Control-del-Transito-y-Seguridad-Vial4-768x1024.jpg\" alt=\"\" class=\"wp-image-875\" srcset=\"https:\/\/oibca.gob.ar\/main\/wp-content\/uploads\/2023\/03\/Continua-la-Capacitacion-para-Autoridades-de-Control-del-Transito-y-Seguridad-Vial4-768x1024.jpg 768w, https:\/\/oibca.gob.ar\/main\/wp-content\/uploads\/2023\/03\/Continua-la-Capacitacion-para-Autoridades-de-Control-del-Transito-y-Seguridad-Vial4-225x300.jpg 225w, https:\/\/oibca.gob.ar\/main\/wp-content\/uploads\/2023\/03\/Continua-la-Capacitacion-para-Autoridades-de-Control-del-Transito-y-Seguridad-Vial4-1152x1536.jpg 1152w, https:\/\/oibca.gob.ar\/main\/wp-content\/uploads\/2023\/03\/Continua-la-Capacitacion-para-Autoridades-de-Control-del-Transito-y-Seguridad-Vial4.jpg 1200w\" sizes=\"(max-width: 768px) 100vw, 768px\" \/><\/a><\/figure>\n\n\n\n<figure class=\"wp-block-image size-large\"><a href=\"https:\/\/oibca.gob.ar\/main\/wp-content\/uploads\/2023\/03\/Continua-la-Capacitacion-para-Autoridades-de-Control-del-Transito-y-Seguridad-Vial5.jpg\"><img loading=\"lazy\" decoding=\"async\" width=\"768\" height=\"1024\" data-id=\"876\" src=\"https:\/\/oibca.gob.ar\/main\/wp-content\/uploads\/2023\/03\/Continua-la-Capacitacion-para-Autoridades-de-Control-del-Transito-y-Seguridad-Vial5-768x1024.jpg\" alt=\"\" class=\"wp-image-876\" srcset=\"https:\/\/oibca.gob.ar\/main\/wp-content\/uploads\/2023\/03\/Continua-la-Capacitacion-para-Autoridades-de-Control-del-Transito-y-Seguridad-Vial5-768x1024.jpg 768w, https:\/\/oibca.gob.ar\/main\/wp-content\/uploads\/2023\/03\/Continua-la-Capacitacion-para-Autoridades-de-Control-del-Transito-y-Seguridad-Vial5-225x300.jpg 225w, https:\/\/oibca.gob.ar\/main\/wp-content\/uploads\/2023\/03\/Continua-la-Capacitacion-para-Autoridades-de-Control-del-Transito-y-Seguridad-Vial5-1152x1536.jpg 1152w, https:\/\/oibca.gob.ar\/main\/wp-content\/uploads\/2023\/03\/Continua-la-Capacitacion-para-Autoridades-de-Control-del-Transito-y-Seguridad-Vial5.jpg 1200w\" sizes=\"(max-width: 768px) 100vw, 768px\" \/><\/a><\/figure>\n<\/figure>\n","protected":false},"excerpt":{"rendered":"<p>El mi\u00e9rcoles 15 de marzo se desarroll\u00f3 en el Complejo Ambiental de General Deheza una capacitaci\u00f3n en primeros auxilios, maniobras de RCP y uso del Desfibrilador Externo Autom\u00e1tico (DEA) a cargo del Lic. Julio Godoy.<\/p>\n","protected":false},"author":2,"featured_media":870,"comment_status":"closed","ping_status":"open","sticky":false,"template":"","format":"standard","meta":{"site-sidebar-layout":"default","site-content-layout":"","ast-site-content-layout":"default","site-content-style":"default","site-sidebar-style":"default","ast-global-header-display":"","ast-banner-title-visibility":"","ast-main-header-display":"","ast-hfb-above-header-display":"","ast-hfb-below-header-display":"","ast-hfb-mobile-header-display":"","site-post-title":"","ast-breadcrumbs-content":"","ast-featured-img":"","footer-sml-layout":"","ast-disable-related-posts":"","theme-transparent-header-meta":"","adv-header-id-meta":"","stick-header-meta":"","header-above-stick-meta":"","header-main-stick-meta":"","header-below-stick-meta":"","astra-migrate-meta-layouts":"default","ast-page-background-enabled":"default","ast-page-background-meta":{"desktop":{"background-color":"var(--ast-global-color-4)","background-image":"","background-repeat":"repeat","background-position":"center center","background-size":"auto","background-attachment":"scroll","background-type":"","background-media":"","overlay-type":"","overlay-color":"","overlay-opacity":"","overlay-gradient":""},"tablet":{"background-color":"","background-image":"","background-repeat":"repeat","background-position":"center center","background-size":"auto","background-attachment":"scroll","background-type":"","background-media":"","overlay-type":"","overlay-color":"","overlay-opacity":"","overlay-gradient":""},"mobile":{"background-color":"","background-image":"","background-repeat":"repeat","background-position":"center center","background-size":"auto","background-attachment":"scroll","background-type":"","background-media":"","overlay-type":"","overlay-color":"","overlay-opacity":"","overlay-gradient":""}},"ast-content-background-meta":{"desktop":{"background-color":"var(--ast-global-color-5)","background-image":"","background-repeat":"repeat","background-position":"center center","background-size":"auto","background-attachment":"scroll","background-type":"","background-media":"","overlay-type":"","overlay-color":"","overlay-opacity":"","overlay-gradient":""},"tablet":{"background-color":"var(--ast-global-color-5)","background-image":"","background-repeat":"repeat","background-position":"center center","background-size":"auto","background-attachment":"scroll","background-type":"","background-media":"","overlay-type":"","overlay-color":"","overlay-opacity":"","overlay-gradient":""},"mobile":{"background-color":"var(--ast-global-color-5)","background-image":"","background-repeat":"repeat","background-position":"center center","background-size":"auto","background-attachment":"scroll","background-type":"","background-media":"","overlay-type":"","overlay-color":"","overlay-opacity":"","overlay-gradient":""}},"footnotes":""},"categories":[6,7],"tags":[4,9],"class_list":["post-869","post","type-post","status-publish","format-standard","has-post-thumbnail","hentry","category-cursos","category-noticias","tag-capacitacion","tag-general-deheza"],"yoast_head":"<!-- This site is optimized with the Yoast SEO plugin v27.4 - https:\/\/yoast.com\/product\/yoast-seo-wordpress\/ -->\n<title>Capacitaci\u00f3n en primeros auxilios, maniobras de RCP. - OIBCA<\/title>\n<meta name=\"robots\" content=\"index, follow, max-snippet:-1, max-image-preview:large, max-video-preview:-1\" \/>\n<link rel=\"canonical\" href=\"https:\/\/oibca.gob.ar\/main\/capacitacion-en-primeros-auxilios-maniobras-de-rcp\/\" \/>\n<meta property=\"og:locale\" content=\"es_ES\" \/>\n<meta property=\"og:type\" content=\"article\" \/>\n<meta property=\"og:title\" content=\"Capacitaci\u00f3n en primeros auxilios, maniobras de RCP. - OIBCA\" \/>\n<meta property=\"og:description\" content=\"El mi\u00e9rcoles 15 de marzo se desarroll\u00f3 en el Complejo Ambiental de General Deheza una capacitaci\u00f3n en primeros auxilios, maniobras de RCP y uso del Desfibrilador Externo Autom\u00e1tico (DEA) a cargo del Lic. Julio Godoy.\" \/>\n<meta property=\"og:url\" content=\"https:\/\/oibca.gob.ar\/main\/capacitacion-en-primeros-auxilios-maniobras-de-rcp\/\" \/>\n<meta property=\"og:site_name\" content=\"OIBCA\" \/>\n<meta property=\"article:published_time\" content=\"2023-03-15T14:47:00+00:00\" \/>\n<meta property=\"article:modified_time\" content=\"2023-03-27T14:47:44+00:00\" \/>\n<meta property=\"og:image\" content=\"https:\/\/oibca.gob.ar\/main\/wp-content\/uploads\/2023\/03\/Continua-la-Capacitacion-para-Autoridades-de-Control-del-Transito-y-Seguridad-Vial7.jpg\" \/>\n\t<meta property=\"og:image:width\" content=\"1600\" \/>\n\t<meta property=\"og:image:height\" content=\"1200\" \/>\n\t<meta property=\"og:image:type\" content=\"image\/jpeg\" \/>\n<meta name=\"author\" content=\"c2351037\" \/>\n<meta name=\"twitter:card\" content=\"summary_large_image\" \/>\n<meta name=\"twitter:label1\" content=\"Escrito por\" \/>\n\t<meta name=\"twitter:data1\" content=\"c2351037\" \/>\n\t<meta name=\"twitter:label2\" content=\"Tiempo de lectura\" \/>\n\t<meta name=\"twitter:data2\" content=\"2 minutos\" \/>\n<script type=\"application\/ld+json\" class=\"yoast-schema-graph\">{\"@context\":\"https:\\\/\\\/schema.org\",\"@graph\":[{\"@type\":\"Article\",\"@id\":\"https:\\\/\\\/oibca.gob.ar\\\/main\\\/capacitacion-en-primeros-auxilios-maniobras-de-rcp\\\/#article\",\"isPartOf\":{\"@id\":\"https:\\\/\\\/oibca.gob.ar\\\/main\\\/capacitacion-en-primeros-auxilios-maniobras-de-rcp\\\/\"},\"author\":{\"name\":\"c2351037\",\"@id\":\"https:\\\/\\\/oibca.gob.ar\\\/main\\\/#\\\/schema\\\/person\\\/1056d8678520282d647bac14db0a6500\"},\"headline\":\"Capacitaci\u00f3n en primeros auxilios, maniobras de RCP.\",\"datePublished\":\"2023-03-15T14:47:00+00:00\",\"dateModified\":\"2023-03-27T14:47:44+00:00\",\"mainEntityOfPage\":{\"@id\":\"https:\\\/\\\/oibca.gob.ar\\\/main\\\/capacitacion-en-primeros-auxilios-maniobras-de-rcp\\\/\"},\"wordCount\":94,\"publisher\":{\"@id\":\"https:\\\/\\\/oibca.gob.ar\\\/main\\\/#organization\"},\"image\":{\"@id\":\"https:\\\/\\\/oibca.gob.ar\\\/main\\\/capacitacion-en-primeros-auxilios-maniobras-de-rcp\\\/#primaryimage\"},\"thumbnailUrl\":\"https:\\\/\\\/oibca.gob.ar\\\/main\\\/wp-content\\\/uploads\\\/2023\\\/03\\\/Continua-la-Capacitacion-para-Autoridades-de-Control-del-Transito-y-Seguridad-Vial7.jpg\",\"keywords\":[\"capacitaci\u00f3n\",\"General Deheza\"],\"articleSection\":[\"Cursos\",\"Noticias\"],\"inLanguage\":\"es\"},{\"@type\":\"WebPage\",\"@id\":\"https:\\\/\\\/oibca.gob.ar\\\/main\\\/capacitacion-en-primeros-auxilios-maniobras-de-rcp\\\/\",\"url\":\"https:\\\/\\\/oibca.gob.ar\\\/main\\\/capacitacion-en-primeros-auxilios-maniobras-de-rcp\\\/\",\"name\":\"Capacitaci\u00f3n en primeros auxilios, maniobras de RCP. - OIBCA\",\"isPartOf\":{\"@id\":\"https:\\\/\\\/oibca.gob.ar\\\/main\\\/#website\"},\"primaryImageOfPage\":{\"@id\":\"https:\\\/\\\/oibca.gob.ar\\\/main\\\/capacitacion-en-primeros-auxilios-maniobras-de-rcp\\\/#primaryimage\"},\"image\":{\"@id\":\"https:\\\/\\\/oibca.gob.ar\\\/main\\\/capacitacion-en-primeros-auxilios-maniobras-de-rcp\\\/#primaryimage\"},\"thumbnailUrl\":\"https:\\\/\\\/oibca.gob.ar\\\/main\\\/wp-content\\\/uploads\\\/2023\\\/03\\\/Continua-la-Capacitacion-para-Autoridades-de-Control-del-Transito-y-Seguridad-Vial7.jpg\",\"datePublished\":\"2023-03-15T14:47:00+00:00\",\"dateModified\":\"2023-03-27T14:47:44+00:00\",\"inLanguage\":\"es\",\"potentialAction\":[{\"@type\":\"ReadAction\",\"target\":[\"https:\\\/\\\/oibca.gob.ar\\\/main\\\/capacitacion-en-primeros-auxilios-maniobras-de-rcp\\\/\"]}]},{\"@type\":\"ImageObject\",\"inLanguage\":\"es\",\"@id\":\"https:\\\/\\\/oibca.gob.ar\\\/main\\\/capacitacion-en-primeros-auxilios-maniobras-de-rcp\\\/#primaryimage\",\"url\":\"https:\\\/\\\/oibca.gob.ar\\\/main\\\/wp-content\\\/uploads\\\/2023\\\/03\\\/Continua-la-Capacitacion-para-Autoridades-de-Control-del-Transito-y-Seguridad-Vial7.jpg\",\"contentUrl\":\"https:\\\/\\\/oibca.gob.ar\\\/main\\\/wp-content\\\/uploads\\\/2023\\\/03\\\/Continua-la-Capacitacion-para-Autoridades-de-Control-del-Transito-y-Seguridad-Vial7.jpg\",\"width\":1600,\"height\":1200,\"caption\":\"Capacitaci\u00f3n en primeros auxilios, maniobras de RCP\"},{\"@type\":\"WebSite\",\"@id\":\"https:\\\/\\\/oibca.gob.ar\\\/main\\\/#website\",\"url\":\"https:\\\/\\\/oibca.gob.ar\\\/main\\\/\",\"name\":\"OIBCA\",\"description\":\"Organismo Intermunicipal de Bromatologia y Control Ambiental\",\"publisher\":{\"@id\":\"https:\\\/\\\/oibca.gob.ar\\\/main\\\/#organization\"},\"potentialAction\":[{\"@type\":\"SearchAction\",\"target\":{\"@type\":\"EntryPoint\",\"urlTemplate\":\"https:\\\/\\\/oibca.gob.ar\\\/main\\\/?s={search_term_string}\"},\"query-input\":{\"@type\":\"PropertyValueSpecification\",\"valueRequired\":true,\"valueName\":\"search_term_string\"}}],\"inLanguage\":\"es\"},{\"@type\":\"Organization\",\"@id\":\"https:\\\/\\\/oibca.gob.ar\\\/main\\\/#organization\",\"name\":\"OIBCA\",\"url\":\"https:\\\/\\\/oibca.gob.ar\\\/main\\\/\",\"logo\":{\"@type\":\"ImageObject\",\"inLanguage\":\"es\",\"@id\":\"https:\\\/\\\/oibca.gob.ar\\\/main\\\/#\\\/schema\\\/logo\\\/image\\\/\",\"url\":\"https:\\\/\\\/oibca.gob.ar\\\/main\\\/wp-content\\\/uploads\\\/2022\\\/03\\\/logo-OIBCA.png\",\"contentUrl\":\"https:\\\/\\\/oibca.gob.ar\\\/main\\\/wp-content\\\/uploads\\\/2022\\\/03\\\/logo-OIBCA.png\",\"width\":262,\"height\":244,\"caption\":\"OIBCA\"},\"image\":{\"@id\":\"https:\\\/\\\/oibca.gob.ar\\\/main\\\/#\\\/schema\\\/logo\\\/image\\\/\"}},{\"@type\":\"Person\",\"@id\":\"https:\\\/\\\/oibca.gob.ar\\\/main\\\/#\\\/schema\\\/person\\\/1056d8678520282d647bac14db0a6500\",\"name\":\"c2351037\",\"image\":{\"@type\":\"ImageObject\",\"inLanguage\":\"es\",\"@id\":\"https:\\\/\\\/secure.gravatar.com\\\/avatar\\\/58ae59209614e7b73eb4cc76cc09ead151ab1c5db9b8df031c3781954a5d5647?s=96&d=mm&r=g\",\"url\":\"https:\\\/\\\/secure.gravatar.com\\\/avatar\\\/58ae59209614e7b73eb4cc76cc09ead151ab1c5db9b8df031c3781954a5d5647?s=96&d=mm&r=g\",\"contentUrl\":\"https:\\\/\\\/secure.gravatar.com\\\/avatar\\\/58ae59209614e7b73eb4cc76cc09ead151ab1c5db9b8df031c3781954a5d5647?s=96&d=mm&r=g\",\"caption\":\"c2351037\"},\"url\":\"https:\\\/\\\/oibca.gob.ar\\\/main\\\/author\\\/c2351037\\\/\"}]}<\/script>\n<!-- \/ Yoast SEO plugin. -->","yoast_head_json":{"title":"Capacitaci\u00f3n en primeros auxilios, maniobras de RCP. - OIBCA","robots":{"index":"index","follow":"follow","max-snippet":"max-snippet:-1","max-image-preview":"max-image-preview:large","max-video-preview":"max-video-preview:-1"},"canonical":"https:\/\/oibca.gob.ar\/main\/capacitacion-en-primeros-auxilios-maniobras-de-rcp\/","og_locale":"es_ES","og_type":"article","og_title":"Capacitaci\u00f3n en primeros auxilios, maniobras de RCP. - OIBCA","og_description":"El mi\u00e9rcoles 15 de marzo se desarroll\u00f3 en el Complejo Ambiental de General Deheza una capacitaci\u00f3n en primeros auxilios, maniobras de RCP y uso del Desfibrilador Externo Autom\u00e1tico (DEA) a cargo del Lic. Julio Godoy.","og_url":"https:\/\/oibca.gob.ar\/main\/capacitacion-en-primeros-auxilios-maniobras-de-rcp\/","og_site_name":"OIBCA","article_published_time":"2023-03-15T14:47:00+00:00","article_modified_time":"2023-03-27T14:47:44+00:00","og_image":[{"width":1600,"height":1200,"url":"https:\/\/oibca.gob.ar\/main\/wp-content\/uploads\/2023\/03\/Continua-la-Capacitacion-para-Autoridades-de-Control-del-Transito-y-Seguridad-Vial7.jpg","type":"image\/jpeg"}],"author":"c2351037","twitter_card":"summary_large_image","twitter_misc":{"Escrito por":"c2351037","Tiempo de lectura":"2 minutos"},"schema":{"@context":"https:\/\/schema.org","@graph":[{"@type":"Article","@id":"https:\/\/oibca.gob.ar\/main\/capacitacion-en-primeros-auxilios-maniobras-de-rcp\/#article","isPartOf":{"@id":"https:\/\/oibca.gob.ar\/main\/capacitacion-en-primeros-auxilios-maniobras-de-rcp\/"},"author":{"name":"c2351037","@id":"https:\/\/oibca.gob.ar\/main\/#\/schema\/person\/1056d8678520282d647bac14db0a6500"},"headline":"Capacitaci\u00f3n en primeros auxilios, maniobras de RCP.","datePublished":"2023-03-15T14:47:00+00:00","dateModified":"2023-03-27T14:47:44+00:00","mainEntityOfPage":{"@id":"https:\/\/oibca.gob.ar\/main\/capacitacion-en-primeros-auxilios-maniobras-de-rcp\/"},"wordCount":94,"publisher":{"@id":"https:\/\/oibca.gob.ar\/main\/#organization"},"image":{"@id":"https:\/\/oibca.gob.ar\/main\/capacitacion-en-primeros-auxilios-maniobras-de-rcp\/#primaryimage"},"thumbnailUrl":"https:\/\/oibca.gob.ar\/main\/wp-content\/uploads\/2023\/03\/Continua-la-Capacitacion-para-Autoridades-de-Control-del-Transito-y-Seguridad-Vial7.jpg","keywords":["capacitaci\u00f3n","General Deheza"],"articleSection":["Cursos","Noticias"],"inLanguage":"es"},{"@type":"WebPage","@id":"https:\/\/oibca.gob.ar\/main\/capacitacion-en-primeros-auxilios-maniobras-de-rcp\/","url":"https:\/\/oibca.gob.ar\/main\/capacitacion-en-primeros-auxilios-maniobras-de-rcp\/","name":"Capacitaci\u00f3n en primeros auxilios, maniobras de RCP. - OIBCA","isPartOf":{"@id":"https:\/\/oibca.gob.ar\/main\/#website"},"primaryImageOfPage":{"@id":"https:\/\/oibca.gob.ar\/main\/capacitacion-en-primeros-auxilios-maniobras-de-rcp\/#primaryimage"},"image":{"@id":"https:\/\/oibca.gob.ar\/main\/capacitacion-en-primeros-auxilios-maniobras-de-rcp\/#primaryimage"},"thumbnailUrl":"https:\/\/oibca.gob.ar\/main\/wp-content\/uploads\/2023\/03\/Continua-la-Capacitacion-para-Autoridades-de-Control-del-Transito-y-Seguridad-Vial7.jpg","datePublished":"2023-03-15T14:47:00+00:00","dateModified":"2023-03-27T14:47:44+00:00","inLanguage":"es","potentialAction":[{"@type":"ReadAction","target":["https:\/\/oibca.gob.ar\/main\/capacitacion-en-primeros-auxilios-maniobras-de-rcp\/"]}]},{"@type":"ImageObject","inLanguage":"es","@id":"https:\/\/oibca.gob.ar\/main\/capacitacion-en-primeros-auxilios-maniobras-de-rcp\/#primaryimage","url":"https:\/\/oibca.gob.ar\/main\/wp-content\/uploads\/2023\/03\/Continua-la-Capacitacion-para-Autoridades-de-Control-del-Transito-y-Seguridad-Vial7.jpg","contentUrl":"https:\/\/oibca.gob.ar\/main\/wp-content\/uploads\/2023\/03\/Continua-la-Capacitacion-para-Autoridades-de-Control-del-Transito-y-Seguridad-Vial7.jpg","width":1600,"height":1200,"caption":"Capacitaci\u00f3n en primeros auxilios, maniobras de RCP"},{"@type":"WebSite","@id":"https:\/\/oibca.gob.ar\/main\/#website","url":"https:\/\/oibca.gob.ar\/main\/","name":"OIBCA","description":"Organismo Intermunicipal de Bromatologia y Control Ambiental","publisher":{"@id":"https:\/\/oibca.gob.ar\/main\/#organization"},"potentialAction":[{"@type":"SearchAction","target":{"@type":"EntryPoint","urlTemplate":"https:\/\/oibca.gob.ar\/main\/?s={search_term_string}"},"query-input":{"@type":"PropertyValueSpecification","valueRequired":true,"valueName":"search_term_string"}}],"inLanguage":"es"},{"@type":"Organization","@id":"https:\/\/oibca.gob.ar\/main\/#organization","name":"OIBCA","url":"https:\/\/oibca.gob.ar\/main\/","logo":{"@type":"ImageObject","inLanguage":"es","@id":"https:\/\/oibca.gob.ar\/main\/#\/schema\/logo\/image\/","url":"https:\/\/oibca.gob.ar\/main\/wp-content\/uploads\/2022\/03\/logo-OIBCA.png","contentUrl":"https:\/\/oibca.gob.ar\/main\/wp-content\/uploads\/2022\/03\/logo-OIBCA.png","width":262,"height":244,"caption":"OIBCA"},"image":{"@id":"https:\/\/oibca.gob.ar\/main\/#\/schema\/logo\/image\/"}},{"@type":"Person","@id":"https:\/\/oibca.gob.ar\/main\/#\/schema\/person\/1056d8678520282d647bac14db0a6500","name":"c2351037","image":{"@type":"ImageObject","inLanguage":"es","@id":"https:\/\/secure.gravatar.com\/avatar\/58ae59209614e7b73eb4cc76cc09ead151ab1c5db9b8df031c3781954a5d5647?s=96&d=mm&r=g","url":"https:\/\/secure.gravatar.com\/avatar\/58ae59209614e7b73eb4cc76cc09ead151ab1c5db9b8df031c3781954a5d5647?s=96&d=mm&r=g","contentUrl":"https:\/\/secure.gravatar.com\/avatar\/58ae59209614e7b73eb4cc76cc09ead151ab1c5db9b8df031c3781954a5d5647?s=96&d=mm&r=g","caption":"c2351037"},"url":"https:\/\/oibca.gob.ar\/main\/author\/c2351037\/"}]}},"_links":{"self":[{"href":"https:\/\/oibca.gob.ar\/main\/wp-json\/wp\/v2\/posts\/869","targetHints":{"allow":["GET"]}}],"collection":[{"href":"https:\/\/oibca.gob.ar\/main\/wp-json\/wp\/v2\/posts"}],"about":[{"href":"https:\/\/oibca.gob.ar\/main\/wp-json\/wp\/v2\/types\/post"}],"author":[{"embeddable":true,"href":"https:\/\/oibca.gob.ar\/main\/wp-json\/wp\/v2\/users\/2"}],"replies":[{"embeddable":true,"href":"https:\/\/oibca.gob.ar\/main\/wp-json\/wp\/v2\/comments?post=869"}],"version-history":[{"count":1,"href":"https:\/\/oibca.gob.ar\/main\/wp-json\/wp\/v2\/posts\/869\/revisions"}],"predecessor-version":[{"id":877,"href":"https:\/\/oibca.gob.ar\/main\/wp-json\/wp\/v2\/posts\/869\/revisions\/877"}],"wp:featuredmedia":[{"embeddable":true,"href":"https:\/\/oibca.gob.ar\/main\/wp-json\/wp\/v2\/media\/870"}],"wp:attachment":[{"href":"https:\/\/oibca.gob.ar\/main\/wp-json\/wp\/v2\/media?parent=869"}],"wp:term":[{"taxonomy":"category","embeddable":true,"href":"https:\/\/oibca.gob.ar\/main\/wp-json\/wp\/v2\/categories?post=869"},{"taxonomy":"post_tag","embeddable":true,"href":"https:\/\/oibca.gob.ar\/main\/wp-json\/wp\/v2\/tags?post=869"}],"curies":[{"name":"wp","href":"https:\/\/api.w.org\/{rel}","templated":true}]}}