{"id":992,"date":"2023-10-30T09:51:00","date_gmt":"2023-10-30T12:51:00","guid":{"rendered":"https:\/\/oibca.gob.ar\/main\/?p=992"},"modified":"2023-10-31T10:01:30","modified_gmt":"2023-10-31T13:01:30","slug":"segunda-jornada-latinoamericana-de-castracion-masiva-castralat-2023","status":"publish","type":"post","link":"https:\/\/oibca.gob.ar\/main\/segunda-jornada-latinoamericana-de-castracion-masiva-castralat-2023\/","title":{"rendered":"SEGUNDA JORNADA LATINOAMERICANA DE CASTRACI\u00d3N MASIVA-CASTRALAT 2023"},"content":{"rendered":"\n<figure class=\"wp-block-image size-full\"><a href=\"https:\/\/oibca.gob.ar\/main\/wp-content\/uploads\/2023\/10\/SEGUNDA-JORNADA-LATINOAMERICANA13.jpg\"><img fetchpriority=\"high\" decoding=\"async\" width=\"1003\" height=\"669\" src=\"https:\/\/oibca.gob.ar\/main\/wp-content\/uploads\/2023\/10\/SEGUNDA-JORNADA-LATINOAMERICANA13.jpg\" alt=\"SEGUNDA JORNADA LATINOAMERICANA DE CASTRACI\u00d3N MASIVA-CASTRALAT 2023\" class=\"wp-image-993\" srcset=\"https:\/\/oibca.gob.ar\/main\/wp-content\/uploads\/2023\/10\/SEGUNDA-JORNADA-LATINOAMERICANA13.jpg 1003w, https:\/\/oibca.gob.ar\/main\/wp-content\/uploads\/2023\/10\/SEGUNDA-JORNADA-LATINOAMERICANA13-300x200.jpg 300w, https:\/\/oibca.gob.ar\/main\/wp-content\/uploads\/2023\/10\/SEGUNDA-JORNADA-LATINOAMERICANA13-768x512.jpg 768w\" sizes=\"(max-width: 1003px) 100vw, 1003px\" \/><\/a><\/figure>\n\n\n\n<p>El mi\u00e9rcoles 04 de octubre se desarroll\u00f3 la segunda jornada de Castraci\u00f3n Masiva en Am\u00e9rica Latina y este a\u00f1o dijimos \u201cpresente\u201d desde Etruria.<\/p>\n\n\n\n<p><a><\/a>CASTRALAT es una iniciativa que convoca a todos los pa\u00edses de Latinoam\u00e9rica a unirse a una jornada de castraci\u00f3n masiva para concientizar sobre el bienestar animal. Participan representantes de diferentes pa\u00edses como Argentina, Bolivia, Brasil, Colombia, Cuba, El Salvador, Honduras, Guatemala, M\u00e9xico, Nicaragua, Per\u00fa, Uruguay y Venezuela. En nuestro pa\u00eds se sumaron provincias, municipios y comunas a trav\u00e9s de diferentes programas y proyectos.<\/p>\n\n\n\n<p>Desde hace varios a\u00f1os los Municipios que integran el OIBCA, trabajan firmemente en la salud y bienestar animal a trav\u00e9s del programa Pro-Tenencia con el Quir\u00f3fano M\u00f3vil. Agradecemos a toda la comunidad por participar y asumir este compromiso con sus mascotas!<\/p>\n\n\n\n<figure class=\"wp-block-gallery has-nested-images columns-default is-cropped wp-block-gallery-1 is-layout-flex wp-block-gallery-is-layout-flex\">\n<figure class=\"wp-block-image size-large\"><a href=\"https:\/\/oibca.gob.ar\/main\/wp-content\/uploads\/2023\/10\/SEGUNDA-JORNADA-LATINOAMERICANA1.jpg\"><img decoding=\"async\" width=\"1024\" height=\"724\" data-id=\"994\" src=\"https:\/\/oibca.gob.ar\/main\/wp-content\/uploads\/2023\/10\/SEGUNDA-JORNADA-LATINOAMERICANA1-1024x724.jpg\" alt=\"\" class=\"wp-image-994\" srcset=\"https:\/\/oibca.gob.ar\/main\/wp-content\/uploads\/2023\/10\/SEGUNDA-JORNADA-LATINOAMERICANA1-1024x724.jpg 1024w, https:\/\/oibca.gob.ar\/main\/wp-content\/uploads\/2023\/10\/SEGUNDA-JORNADA-LATINOAMERICANA1-300x212.jpg 300w, https:\/\/oibca.gob.ar\/main\/wp-content\/uploads\/2023\/10\/SEGUNDA-JORNADA-LATINOAMERICANA1-768x543.jpg 768w, https:\/\/oibca.gob.ar\/main\/wp-content\/uploads\/2023\/10\/SEGUNDA-JORNADA-LATINOAMERICANA1-1536x1085.jpg 1536w, https:\/\/oibca.gob.ar\/main\/wp-content\/uploads\/2023\/10\/SEGUNDA-JORNADA-LATINOAMERICANA1.jpg 1755w\" sizes=\"(max-width: 1024px) 100vw, 1024px\" \/><\/a><\/figure>\n\n\n\n<figure class=\"wp-block-image size-large\"><a href=\"https:\/\/oibca.gob.ar\/main\/wp-content\/uploads\/2023\/10\/SEGUNDA-JORNADA-LATINOAMERICANA8.jpg\"><img decoding=\"async\" width=\"1024\" height=\"768\" data-id=\"1001\" src=\"https:\/\/oibca.gob.ar\/main\/wp-content\/uploads\/2023\/10\/SEGUNDA-JORNADA-LATINOAMERICANA8.jpg\" alt=\"\" class=\"wp-image-1001\" srcset=\"https:\/\/oibca.gob.ar\/main\/wp-content\/uploads\/2023\/10\/SEGUNDA-JORNADA-LATINOAMERICANA8.jpg 1024w, https:\/\/oibca.gob.ar\/main\/wp-content\/uploads\/2023\/10\/SEGUNDA-JORNADA-LATINOAMERICANA8-300x225.jpg 300w, https:\/\/oibca.gob.ar\/main\/wp-content\/uploads\/2023\/10\/SEGUNDA-JORNADA-LATINOAMERICANA8-768x576.jpg 768w\" sizes=\"(max-width: 1024px) 100vw, 1024px\" \/><\/a><\/figure>\n\n\n\n<figure class=\"wp-block-image size-large\"><a href=\"https:\/\/oibca.gob.ar\/main\/wp-content\/uploads\/2023\/10\/SEGUNDA-JORNADA-LATINOAMERICANA9.jpg\"><img loading=\"lazy\" decoding=\"async\" width=\"1024\" height=\"768\" data-id=\"1002\" src=\"https:\/\/oibca.gob.ar\/main\/wp-content\/uploads\/2023\/10\/SEGUNDA-JORNADA-LATINOAMERICANA9.jpg\" alt=\"\" class=\"wp-image-1002\" srcset=\"https:\/\/oibca.gob.ar\/main\/wp-content\/uploads\/2023\/10\/SEGUNDA-JORNADA-LATINOAMERICANA9.jpg 1024w, https:\/\/oibca.gob.ar\/main\/wp-content\/uploads\/2023\/10\/SEGUNDA-JORNADA-LATINOAMERICANA9-300x225.jpg 300w, https:\/\/oibca.gob.ar\/main\/wp-content\/uploads\/2023\/10\/SEGUNDA-JORNADA-LATINOAMERICANA9-768x576.jpg 768w\" sizes=\"(max-width: 1024px) 100vw, 1024px\" \/><\/a><\/figure>\n\n\n\n<figure class=\"wp-block-image size-large\"><a href=\"https:\/\/oibca.gob.ar\/main\/wp-content\/uploads\/2023\/10\/SEGUNDA-JORNADA-LATINOAMERICANA2.jpg\"><img loading=\"lazy\" decoding=\"async\" width=\"768\" height=\"1024\" data-id=\"995\" src=\"https:\/\/oibca.gob.ar\/main\/wp-content\/uploads\/2023\/10\/SEGUNDA-JORNADA-LATINOAMERICANA2.jpg\" alt=\"\" class=\"wp-image-995\" srcset=\"https:\/\/oibca.gob.ar\/main\/wp-content\/uploads\/2023\/10\/SEGUNDA-JORNADA-LATINOAMERICANA2.jpg 768w, https:\/\/oibca.gob.ar\/main\/wp-content\/uploads\/2023\/10\/SEGUNDA-JORNADA-LATINOAMERICANA2-225x300.jpg 225w\" sizes=\"(max-width: 768px) 100vw, 768px\" \/><\/a><\/figure>\n\n\n\n<figure class=\"wp-block-image size-large\"><a href=\"https:\/\/oibca.gob.ar\/main\/wp-content\/uploads\/2023\/10\/SEGUNDA-JORNADA-LATINOAMERICANA3.jpg\"><img loading=\"lazy\" decoding=\"async\" width=\"768\" height=\"1024\" data-id=\"996\" src=\"https:\/\/oibca.gob.ar\/main\/wp-content\/uploads\/2023\/10\/SEGUNDA-JORNADA-LATINOAMERICANA3.jpg\" alt=\"\" class=\"wp-image-996\" srcset=\"https:\/\/oibca.gob.ar\/main\/wp-content\/uploads\/2023\/10\/SEGUNDA-JORNADA-LATINOAMERICANA3.jpg 768w, https:\/\/oibca.gob.ar\/main\/wp-content\/uploads\/2023\/10\/SEGUNDA-JORNADA-LATINOAMERICANA3-225x300.jpg 225w\" sizes=\"(max-width: 768px) 100vw, 768px\" \/><\/a><\/figure>\n\n\n\n<figure class=\"wp-block-image size-large\"><a href=\"https:\/\/oibca.gob.ar\/main\/wp-content\/uploads\/2023\/10\/SEGUNDA-JORNADA-LATINOAMERICANA4.jpg\"><img loading=\"lazy\" decoding=\"async\" width=\"768\" height=\"1024\" data-id=\"997\" src=\"https:\/\/oibca.gob.ar\/main\/wp-content\/uploads\/2023\/10\/SEGUNDA-JORNADA-LATINOAMERICANA4.jpg\" alt=\"\" class=\"wp-image-997\" srcset=\"https:\/\/oibca.gob.ar\/main\/wp-content\/uploads\/2023\/10\/SEGUNDA-JORNADA-LATINOAMERICANA4.jpg 768w, https:\/\/oibca.gob.ar\/main\/wp-content\/uploads\/2023\/10\/SEGUNDA-JORNADA-LATINOAMERICANA4-225x300.jpg 225w\" sizes=\"(max-width: 768px) 100vw, 768px\" \/><\/a><\/figure>\n\n\n\n<figure class=\"wp-block-image size-large\"><a href=\"https:\/\/oibca.gob.ar\/main\/wp-content\/uploads\/2023\/10\/SEGUNDA-JORNADA-LATINOAMERICANA5.jpg\"><img loading=\"lazy\" decoding=\"async\" width=\"768\" height=\"1024\" data-id=\"998\" src=\"https:\/\/oibca.gob.ar\/main\/wp-content\/uploads\/2023\/10\/SEGUNDA-JORNADA-LATINOAMERICANA5.jpg\" alt=\"\" class=\"wp-image-998\" srcset=\"https:\/\/oibca.gob.ar\/main\/wp-content\/uploads\/2023\/10\/SEGUNDA-JORNADA-LATINOAMERICANA5.jpg 768w, https:\/\/oibca.gob.ar\/main\/wp-content\/uploads\/2023\/10\/SEGUNDA-JORNADA-LATINOAMERICANA5-225x300.jpg 225w\" sizes=\"(max-width: 768px) 100vw, 768px\" \/><\/a><\/figure>\n\n\n\n<figure class=\"wp-block-image size-large\"><a href=\"https:\/\/oibca.gob.ar\/main\/wp-content\/uploads\/2023\/10\/SEGUNDA-JORNADA-LATINOAMERICANA6.jpg\"><img loading=\"lazy\" decoding=\"async\" width=\"768\" height=\"1024\" data-id=\"999\" src=\"https:\/\/oibca.gob.ar\/main\/wp-content\/uploads\/2023\/10\/SEGUNDA-JORNADA-LATINOAMERICANA6.jpg\" alt=\"\" class=\"wp-image-999\" srcset=\"https:\/\/oibca.gob.ar\/main\/wp-content\/uploads\/2023\/10\/SEGUNDA-JORNADA-LATINOAMERICANA6.jpg 768w, https:\/\/oibca.gob.ar\/main\/wp-content\/uploads\/2023\/10\/SEGUNDA-JORNADA-LATINOAMERICANA6-225x300.jpg 225w\" sizes=\"(max-width: 768px) 100vw, 768px\" \/><\/a><\/figure>\n\n\n\n<figure class=\"wp-block-image size-large\"><a href=\"https:\/\/oibca.gob.ar\/main\/wp-content\/uploads\/2023\/10\/SEGUNDA-JORNADA-LATINOAMERICANA7.jpg\"><img loading=\"lazy\" decoding=\"async\" width=\"1024\" height=\"768\" data-id=\"1000\" src=\"https:\/\/oibca.gob.ar\/main\/wp-content\/uploads\/2023\/10\/SEGUNDA-JORNADA-LATINOAMERICANA7.jpg\" alt=\"\" class=\"wp-image-1000\" srcset=\"https:\/\/oibca.gob.ar\/main\/wp-content\/uploads\/2023\/10\/SEGUNDA-JORNADA-LATINOAMERICANA7.jpg 1024w, https:\/\/oibca.gob.ar\/main\/wp-content\/uploads\/2023\/10\/SEGUNDA-JORNADA-LATINOAMERICANA7-300x225.jpg 300w, https:\/\/oibca.gob.ar\/main\/wp-content\/uploads\/2023\/10\/SEGUNDA-JORNADA-LATINOAMERICANA7-768x576.jpg 768w\" sizes=\"(max-width: 1024px) 100vw, 1024px\" \/><\/a><\/figure>\n\n\n\n<figure class=\"wp-block-image size-large\"><a href=\"https:\/\/oibca.gob.ar\/main\/wp-content\/uploads\/2023\/10\/SEGUNDA-JORNADA-LATINOAMERICANA10.jpg\"><img loading=\"lazy\" decoding=\"async\" width=\"768\" height=\"1024\" data-id=\"1003\" src=\"https:\/\/oibca.gob.ar\/main\/wp-content\/uploads\/2023\/10\/SEGUNDA-JORNADA-LATINOAMERICANA10.jpg\" alt=\"\" class=\"wp-image-1003\" srcset=\"https:\/\/oibca.gob.ar\/main\/wp-content\/uploads\/2023\/10\/SEGUNDA-JORNADA-LATINOAMERICANA10.jpg 768w, https:\/\/oibca.gob.ar\/main\/wp-content\/uploads\/2023\/10\/SEGUNDA-JORNADA-LATINOAMERICANA10-225x300.jpg 225w\" sizes=\"(max-width: 768px) 100vw, 768px\" \/><\/a><\/figure>\n\n\n\n<figure class=\"wp-block-image size-large\"><a href=\"https:\/\/oibca.gob.ar\/main\/wp-content\/uploads\/2023\/10\/SEGUNDA-JORNADA-LATINOAMERICANA11.jpg\"><img loading=\"lazy\" decoding=\"async\" width=\"768\" height=\"1024\" data-id=\"1004\" src=\"https:\/\/oibca.gob.ar\/main\/wp-content\/uploads\/2023\/10\/SEGUNDA-JORNADA-LATINOAMERICANA11.jpg\" alt=\"\" class=\"wp-image-1004\" srcset=\"https:\/\/oibca.gob.ar\/main\/wp-content\/uploads\/2023\/10\/SEGUNDA-JORNADA-LATINOAMERICANA11.jpg 768w, https:\/\/oibca.gob.ar\/main\/wp-content\/uploads\/2023\/10\/SEGUNDA-JORNADA-LATINOAMERICANA11-225x300.jpg 225w\" sizes=\"(max-width: 768px) 100vw, 768px\" \/><\/a><\/figure>\n\n\n\n<figure class=\"wp-block-image size-large\"><a href=\"https:\/\/oibca.gob.ar\/main\/wp-content\/uploads\/2023\/10\/SEGUNDA-JORNADA-LATINOAMERICANA12.jpg\"><img loading=\"lazy\" decoding=\"async\" width=\"768\" height=\"1024\" data-id=\"1005\" src=\"https:\/\/oibca.gob.ar\/main\/wp-content\/uploads\/2023\/10\/SEGUNDA-JORNADA-LATINOAMERICANA12.jpg\" alt=\"\" class=\"wp-image-1005\" srcset=\"https:\/\/oibca.gob.ar\/main\/wp-content\/uploads\/2023\/10\/SEGUNDA-JORNADA-LATINOAMERICANA12.jpg 768w, https:\/\/oibca.gob.ar\/main\/wp-content\/uploads\/2023\/10\/SEGUNDA-JORNADA-LATINOAMERICANA12-225x300.jpg 225w\" sizes=\"(max-width: 768px) 100vw, 768px\" \/><\/a><\/figure>\n<\/figure>\n","protected":false},"excerpt":{"rendered":"<p>El mi\u00e9rcoles 04 de octubre se desarroll\u00f3 la segunda jornada de Castraci\u00f3n Masiva en Am\u00e9rica Latina y este a\u00f1o dijimos \u201cpresente\u201d desde Etruria.<\/p>\n","protected":false},"author":2,"featured_media":993,"comment_status":"closed","ping_status":"open","sticky":false,"template":"","format":"standard","meta":{"site-sidebar-layout":"default","site-content-layout":"","ast-site-content-layout":"default","site-content-style":"default","site-sidebar-style":"default","ast-global-header-display":"","ast-banner-title-visibility":"","ast-main-header-display":"","ast-hfb-above-header-display":"","ast-hfb-below-header-display":"","ast-hfb-mobile-header-display":"","site-post-title":"","ast-breadcrumbs-content":"","ast-featured-img":"disabled","footer-sml-layout":"","ast-disable-related-posts":"","theme-transparent-header-meta":"","adv-header-id-meta":"","stick-header-meta":"","header-above-stick-meta":"","header-main-stick-meta":"","header-below-stick-meta":"","astra-migrate-meta-layouts":"set","ast-page-background-enabled":"default","ast-page-background-meta":{"desktop":{"background-color":"var(--ast-global-color-4)","background-image":"","background-repeat":"repeat","background-position":"center center","background-size":"auto","background-attachment":"scroll","background-type":"","background-media":"","overlay-type":"","overlay-color":"","overlay-opacity":"","overlay-gradient":""},"tablet":{"background-color":"","background-image":"","background-repeat":"repeat","background-position":"center center","background-size":"auto","background-attachment":"scroll","background-type":"","background-media":"","overlay-type":"","overlay-color":"","overlay-opacity":"","overlay-gradient":""},"mobile":{"background-color":"","background-image":"","background-repeat":"repeat","background-position":"center center","background-size":"auto","background-attachment":"scroll","background-type":"","background-media":"","overlay-type":"","overlay-color":"","overlay-opacity":"","overlay-gradient":""}},"ast-content-background-meta":{"desktop":{"background-color":"var(--ast-global-color-5)","background-image":"","background-repeat":"repeat","background-position":"center center","background-size":"auto","background-attachment":"scroll","background-type":"","background-media":"","overlay-type":"","overlay-color":"","overlay-opacity":"","overlay-gradient":""},"tablet":{"background-color":"var(--ast-global-color-5)","background-image":"","background-repeat":"repeat","background-position":"center center","background-size":"auto","background-attachment":"scroll","background-type":"","background-media":"","overlay-type":"","overlay-color":"","overlay-opacity":"","overlay-gradient":""},"mobile":{"background-color":"var(--ast-global-color-5)","background-image":"","background-repeat":"repeat","background-position":"center center","background-size":"auto","background-attachment":"scroll","background-type":"","background-media":"","overlay-type":"","overlay-color":"","overlay-opacity":"","overlay-gradient":""}},"footnotes":""},"categories":[7],"tags":[12,21,14],"class_list":["post-992","post","type-post","status-publish","format-standard","has-post-thumbnail","hentry","category-noticias","tag-castraciones","tag-etruria","tag-tenencia-responsable"],"yoast_head":"<!-- This site is optimized with the Yoast SEO plugin v27.4 - https:\/\/yoast.com\/product\/yoast-seo-wordpress\/ -->\n<title>SEGUNDA JORNADA LATINOAMERICANA DE CASTRACI\u00d3N MASIVA-CASTRALAT 2023 - OIBCA<\/title>\n<meta name=\"robots\" content=\"index, follow, max-snippet:-1, max-image-preview:large, max-video-preview:-1\" \/>\n<link rel=\"canonical\" href=\"https:\/\/oibca.gob.ar\/main\/segunda-jornada-latinoamericana-de-castracion-masiva-castralat-2023\/\" \/>\n<meta property=\"og:locale\" content=\"es_ES\" \/>\n<meta property=\"og:type\" content=\"article\" \/>\n<meta property=\"og:title\" content=\"SEGUNDA JORNADA LATINOAMERICANA DE CASTRACI\u00d3N MASIVA-CASTRALAT 2023 - OIBCA\" \/>\n<meta property=\"og:description\" content=\"El mi\u00e9rcoles 04 de octubre se desarroll\u00f3 la segunda jornada de Castraci\u00f3n Masiva en Am\u00e9rica Latina y este a\u00f1o dijimos \u201cpresente\u201d desde Etruria.\" \/>\n<meta property=\"og:url\" content=\"https:\/\/oibca.gob.ar\/main\/segunda-jornada-latinoamericana-de-castracion-masiva-castralat-2023\/\" \/>\n<meta property=\"og:site_name\" content=\"OIBCA\" \/>\n<meta property=\"article:published_time\" content=\"2023-10-30T12:51:00+00:00\" \/>\n<meta property=\"article:modified_time\" content=\"2023-10-31T13:01:30+00:00\" \/>\n<meta property=\"og:image\" content=\"https:\/\/oibca.gob.ar\/main\/wp-content\/uploads\/2023\/10\/SEGUNDA-JORNADA-LATINOAMERICANA13.jpg\" \/>\n\t<meta property=\"og:image:width\" content=\"1003\" \/>\n\t<meta property=\"og:image:height\" content=\"669\" \/>\n\t<meta property=\"og:image:type\" content=\"image\/jpeg\" \/>\n<meta name=\"author\" content=\"c2351037\" \/>\n<meta name=\"twitter:card\" content=\"summary_large_image\" \/>\n<meta name=\"twitter:label1\" content=\"Escrito por\" \/>\n\t<meta name=\"twitter:data1\" content=\"c2351037\" \/>\n\t<meta name=\"twitter:label2\" content=\"Tiempo de lectura\" \/>\n\t<meta name=\"twitter:data2\" content=\"4 minutos\" \/>\n<script type=\"application\/ld+json\" class=\"yoast-schema-graph\">{\"@context\":\"https:\\\/\\\/schema.org\",\"@graph\":[{\"@type\":\"Article\",\"@id\":\"https:\\\/\\\/oibca.gob.ar\\\/main\\\/segunda-jornada-latinoamericana-de-castracion-masiva-castralat-2023\\\/#article\",\"isPartOf\":{\"@id\":\"https:\\\/\\\/oibca.gob.ar\\\/main\\\/segunda-jornada-latinoamericana-de-castracion-masiva-castralat-2023\\\/\"},\"author\":{\"name\":\"c2351037\",\"@id\":\"https:\\\/\\\/oibca.gob.ar\\\/main\\\/#\\\/schema\\\/person\\\/1056d8678520282d647bac14db0a6500\"},\"headline\":\"SEGUNDA JORNADA LATINOAMERICANA DE CASTRACI\u00d3N MASIVA-CASTRALAT 2023\",\"datePublished\":\"2023-10-30T12:51:00+00:00\",\"dateModified\":\"2023-10-31T13:01:30+00:00\",\"mainEntityOfPage\":{\"@id\":\"https:\\\/\\\/oibca.gob.ar\\\/main\\\/segunda-jornada-latinoamericana-de-castracion-masiva-castralat-2023\\\/\"},\"wordCount\":148,\"publisher\":{\"@id\":\"https:\\\/\\\/oibca.gob.ar\\\/main\\\/#organization\"},\"image\":{\"@id\":\"https:\\\/\\\/oibca.gob.ar\\\/main\\\/segunda-jornada-latinoamericana-de-castracion-masiva-castralat-2023\\\/#primaryimage\"},\"thumbnailUrl\":\"https:\\\/\\\/oibca.gob.ar\\\/main\\\/wp-content\\\/uploads\\\/2023\\\/10\\\/SEGUNDA-JORNADA-LATINOAMERICANA13.jpg\",\"keywords\":[\"castraciones\",\"Etruria\",\"tenencia responsable\"],\"articleSection\":[\"Noticias\"],\"inLanguage\":\"es\"},{\"@type\":\"WebPage\",\"@id\":\"https:\\\/\\\/oibca.gob.ar\\\/main\\\/segunda-jornada-latinoamericana-de-castracion-masiva-castralat-2023\\\/\",\"url\":\"https:\\\/\\\/oibca.gob.ar\\\/main\\\/segunda-jornada-latinoamericana-de-castracion-masiva-castralat-2023\\\/\",\"name\":\"SEGUNDA JORNADA LATINOAMERICANA DE CASTRACI\u00d3N MASIVA-CASTRALAT 2023 - OIBCA\",\"isPartOf\":{\"@id\":\"https:\\\/\\\/oibca.gob.ar\\\/main\\\/#website\"},\"primaryImageOfPage\":{\"@id\":\"https:\\\/\\\/oibca.gob.ar\\\/main\\\/segunda-jornada-latinoamericana-de-castracion-masiva-castralat-2023\\\/#primaryimage\"},\"image\":{\"@id\":\"https:\\\/\\\/oibca.gob.ar\\\/main\\\/segunda-jornada-latinoamericana-de-castracion-masiva-castralat-2023\\\/#primaryimage\"},\"thumbnailUrl\":\"https:\\\/\\\/oibca.gob.ar\\\/main\\\/wp-content\\\/uploads\\\/2023\\\/10\\\/SEGUNDA-JORNADA-LATINOAMERICANA13.jpg\",\"datePublished\":\"2023-10-30T12:51:00+00:00\",\"dateModified\":\"2023-10-31T13:01:30+00:00\",\"inLanguage\":\"es\",\"potentialAction\":[{\"@type\":\"ReadAction\",\"target\":[\"https:\\\/\\\/oibca.gob.ar\\\/main\\\/segunda-jornada-latinoamericana-de-castracion-masiva-castralat-2023\\\/\"]}]},{\"@type\":\"ImageObject\",\"inLanguage\":\"es\",\"@id\":\"https:\\\/\\\/oibca.gob.ar\\\/main\\\/segunda-jornada-latinoamericana-de-castracion-masiva-castralat-2023\\\/#primaryimage\",\"url\":\"https:\\\/\\\/oibca.gob.ar\\\/main\\\/wp-content\\\/uploads\\\/2023\\\/10\\\/SEGUNDA-JORNADA-LATINOAMERICANA13.jpg\",\"contentUrl\":\"https:\\\/\\\/oibca.gob.ar\\\/main\\\/wp-content\\\/uploads\\\/2023\\\/10\\\/SEGUNDA-JORNADA-LATINOAMERICANA13.jpg\",\"width\":1003,\"height\":669,\"caption\":\"SEGUNDA JORNADA LATINOAMERICANA DE CASTRACI\u00d3N MASIVA-CASTRALAT 2023\"},{\"@type\":\"WebSite\",\"@id\":\"https:\\\/\\\/oibca.gob.ar\\\/main\\\/#website\",\"url\":\"https:\\\/\\\/oibca.gob.ar\\\/main\\\/\",\"name\":\"OIBCA\",\"description\":\"Organismo Intermunicipal de Bromatologia y Control Ambiental\",\"publisher\":{\"@id\":\"https:\\\/\\\/oibca.gob.ar\\\/main\\\/#organization\"},\"potentialAction\":[{\"@type\":\"SearchAction\",\"target\":{\"@type\":\"EntryPoint\",\"urlTemplate\":\"https:\\\/\\\/oibca.gob.ar\\\/main\\\/?s={search_term_string}\"},\"query-input\":{\"@type\":\"PropertyValueSpecification\",\"valueRequired\":true,\"valueName\":\"search_term_string\"}}],\"inLanguage\":\"es\"},{\"@type\":\"Organization\",\"@id\":\"https:\\\/\\\/oibca.gob.ar\\\/main\\\/#organization\",\"name\":\"OIBCA\",\"url\":\"https:\\\/\\\/oibca.gob.ar\\\/main\\\/\",\"logo\":{\"@type\":\"ImageObject\",\"inLanguage\":\"es\",\"@id\":\"https:\\\/\\\/oibca.gob.ar\\\/main\\\/#\\\/schema\\\/logo\\\/image\\\/\",\"url\":\"https:\\\/\\\/oibca.gob.ar\\\/main\\\/wp-content\\\/uploads\\\/2022\\\/03\\\/logo-OIBCA.png\",\"contentUrl\":\"https:\\\/\\\/oibca.gob.ar\\\/main\\\/wp-content\\\/uploads\\\/2022\\\/03\\\/logo-OIBCA.png\",\"width\":262,\"height\":244,\"caption\":\"OIBCA\"},\"image\":{\"@id\":\"https:\\\/\\\/oibca.gob.ar\\\/main\\\/#\\\/schema\\\/logo\\\/image\\\/\"}},{\"@type\":\"Person\",\"@id\":\"https:\\\/\\\/oibca.gob.ar\\\/main\\\/#\\\/schema\\\/person\\\/1056d8678520282d647bac14db0a6500\",\"name\":\"c2351037\",\"image\":{\"@type\":\"ImageObject\",\"inLanguage\":\"es\",\"@id\":\"https:\\\/\\\/secure.gravatar.com\\\/avatar\\\/58ae59209614e7b73eb4cc76cc09ead151ab1c5db9b8df031c3781954a5d5647?s=96&d=mm&r=g\",\"url\":\"https:\\\/\\\/secure.gravatar.com\\\/avatar\\\/58ae59209614e7b73eb4cc76cc09ead151ab1c5db9b8df031c3781954a5d5647?s=96&d=mm&r=g\",\"contentUrl\":\"https:\\\/\\\/secure.gravatar.com\\\/avatar\\\/58ae59209614e7b73eb4cc76cc09ead151ab1c5db9b8df031c3781954a5d5647?s=96&d=mm&r=g\",\"caption\":\"c2351037\"},\"url\":\"https:\\\/\\\/oibca.gob.ar\\\/main\\\/author\\\/c2351037\\\/\"}]}<\/script>\n<!-- \/ Yoast SEO plugin. -->","yoast_head_json":{"title":"SEGUNDA JORNADA LATINOAMERICANA DE CASTRACI\u00d3N MASIVA-CASTRALAT 2023 - OIBCA","robots":{"index":"index","follow":"follow","max-snippet":"max-snippet:-1","max-image-preview":"max-image-preview:large","max-video-preview":"max-video-preview:-1"},"canonical":"https:\/\/oibca.gob.ar\/main\/segunda-jornada-latinoamericana-de-castracion-masiva-castralat-2023\/","og_locale":"es_ES","og_type":"article","og_title":"SEGUNDA JORNADA LATINOAMERICANA DE CASTRACI\u00d3N MASIVA-CASTRALAT 2023 - OIBCA","og_description":"El mi\u00e9rcoles 04 de octubre se desarroll\u00f3 la segunda jornada de Castraci\u00f3n Masiva en Am\u00e9rica Latina y este a\u00f1o dijimos \u201cpresente\u201d desde Etruria.","og_url":"https:\/\/oibca.gob.ar\/main\/segunda-jornada-latinoamericana-de-castracion-masiva-castralat-2023\/","og_site_name":"OIBCA","article_published_time":"2023-10-30T12:51:00+00:00","article_modified_time":"2023-10-31T13:01:30+00:00","og_image":[{"width":1003,"height":669,"url":"https:\/\/oibca.gob.ar\/main\/wp-content\/uploads\/2023\/10\/SEGUNDA-JORNADA-LATINOAMERICANA13.jpg","type":"image\/jpeg"}],"author":"c2351037","twitter_card":"summary_large_image","twitter_misc":{"Escrito por":"c2351037","Tiempo de lectura":"4 minutos"},"schema":{"@context":"https:\/\/schema.org","@graph":[{"@type":"Article","@id":"https:\/\/oibca.gob.ar\/main\/segunda-jornada-latinoamericana-de-castracion-masiva-castralat-2023\/#article","isPartOf":{"@id":"https:\/\/oibca.gob.ar\/main\/segunda-jornada-latinoamericana-de-castracion-masiva-castralat-2023\/"},"author":{"name":"c2351037","@id":"https:\/\/oibca.gob.ar\/main\/#\/schema\/person\/1056d8678520282d647bac14db0a6500"},"headline":"SEGUNDA JORNADA LATINOAMERICANA DE CASTRACI\u00d3N MASIVA-CASTRALAT 2023","datePublished":"2023-10-30T12:51:00+00:00","dateModified":"2023-10-31T13:01:30+00:00","mainEntityOfPage":{"@id":"https:\/\/oibca.gob.ar\/main\/segunda-jornada-latinoamericana-de-castracion-masiva-castralat-2023\/"},"wordCount":148,"publisher":{"@id":"https:\/\/oibca.gob.ar\/main\/#organization"},"image":{"@id":"https:\/\/oibca.gob.ar\/main\/segunda-jornada-latinoamericana-de-castracion-masiva-castralat-2023\/#primaryimage"},"thumbnailUrl":"https:\/\/oibca.gob.ar\/main\/wp-content\/uploads\/2023\/10\/SEGUNDA-JORNADA-LATINOAMERICANA13.jpg","keywords":["castraciones","Etruria","tenencia responsable"],"articleSection":["Noticias"],"inLanguage":"es"},{"@type":"WebPage","@id":"https:\/\/oibca.gob.ar\/main\/segunda-jornada-latinoamericana-de-castracion-masiva-castralat-2023\/","url":"https:\/\/oibca.gob.ar\/main\/segunda-jornada-latinoamericana-de-castracion-masiva-castralat-2023\/","name":"SEGUNDA JORNADA LATINOAMERICANA DE CASTRACI\u00d3N MASIVA-CASTRALAT 2023 - OIBCA","isPartOf":{"@id":"https:\/\/oibca.gob.ar\/main\/#website"},"primaryImageOfPage":{"@id":"https:\/\/oibca.gob.ar\/main\/segunda-jornada-latinoamericana-de-castracion-masiva-castralat-2023\/#primaryimage"},"image":{"@id":"https:\/\/oibca.gob.ar\/main\/segunda-jornada-latinoamericana-de-castracion-masiva-castralat-2023\/#primaryimage"},"thumbnailUrl":"https:\/\/oibca.gob.ar\/main\/wp-content\/uploads\/2023\/10\/SEGUNDA-JORNADA-LATINOAMERICANA13.jpg","datePublished":"2023-10-30T12:51:00+00:00","dateModified":"2023-10-31T13:01:30+00:00","inLanguage":"es","potentialAction":[{"@type":"ReadAction","target":["https:\/\/oibca.gob.ar\/main\/segunda-jornada-latinoamericana-de-castracion-masiva-castralat-2023\/"]}]},{"@type":"ImageObject","inLanguage":"es","@id":"https:\/\/oibca.gob.ar\/main\/segunda-jornada-latinoamericana-de-castracion-masiva-castralat-2023\/#primaryimage","url":"https:\/\/oibca.gob.ar\/main\/wp-content\/uploads\/2023\/10\/SEGUNDA-JORNADA-LATINOAMERICANA13.jpg","contentUrl":"https:\/\/oibca.gob.ar\/main\/wp-content\/uploads\/2023\/10\/SEGUNDA-JORNADA-LATINOAMERICANA13.jpg","width":1003,"height":669,"caption":"SEGUNDA JORNADA LATINOAMERICANA DE CASTRACI\u00d3N MASIVA-CASTRALAT 2023"},{"@type":"WebSite","@id":"https:\/\/oibca.gob.ar\/main\/#website","url":"https:\/\/oibca.gob.ar\/main\/","name":"OIBCA","description":"Organismo Intermunicipal de Bromatologia y Control Ambiental","publisher":{"@id":"https:\/\/oibca.gob.ar\/main\/#organization"},"potentialAction":[{"@type":"SearchAction","target":{"@type":"EntryPoint","urlTemplate":"https:\/\/oibca.gob.ar\/main\/?s={search_term_string}"},"query-input":{"@type":"PropertyValueSpecification","valueRequired":true,"valueName":"search_term_string"}}],"inLanguage":"es"},{"@type":"Organization","@id":"https:\/\/oibca.gob.ar\/main\/#organization","name":"OIBCA","url":"https:\/\/oibca.gob.ar\/main\/","logo":{"@type":"ImageObject","inLanguage":"es","@id":"https:\/\/oibca.gob.ar\/main\/#\/schema\/logo\/image\/","url":"https:\/\/oibca.gob.ar\/main\/wp-content\/uploads\/2022\/03\/logo-OIBCA.png","contentUrl":"https:\/\/oibca.gob.ar\/main\/wp-content\/uploads\/2022\/03\/logo-OIBCA.png","width":262,"height":244,"caption":"OIBCA"},"image":{"@id":"https:\/\/oibca.gob.ar\/main\/#\/schema\/logo\/image\/"}},{"@type":"Person","@id":"https:\/\/oibca.gob.ar\/main\/#\/schema\/person\/1056d8678520282d647bac14db0a6500","name":"c2351037","image":{"@type":"ImageObject","inLanguage":"es","@id":"https:\/\/secure.gravatar.com\/avatar\/58ae59209614e7b73eb4cc76cc09ead151ab1c5db9b8df031c3781954a5d5647?s=96&d=mm&r=g","url":"https:\/\/secure.gravatar.com\/avatar\/58ae59209614e7b73eb4cc76cc09ead151ab1c5db9b8df031c3781954a5d5647?s=96&d=mm&r=g","contentUrl":"https:\/\/secure.gravatar.com\/avatar\/58ae59209614e7b73eb4cc76cc09ead151ab1c5db9b8df031c3781954a5d5647?s=96&d=mm&r=g","caption":"c2351037"},"url":"https:\/\/oibca.gob.ar\/main\/author\/c2351037\/"}]}},"_links":{"self":[{"href":"https:\/\/oibca.gob.ar\/main\/wp-json\/wp\/v2\/posts\/992","targetHints":{"allow":["GET"]}}],"collection":[{"href":"https:\/\/oibca.gob.ar\/main\/wp-json\/wp\/v2\/posts"}],"about":[{"href":"https:\/\/oibca.gob.ar\/main\/wp-json\/wp\/v2\/types\/post"}],"author":[{"embeddable":true,"href":"https:\/\/oibca.gob.ar\/main\/wp-json\/wp\/v2\/users\/2"}],"replies":[{"embeddable":true,"href":"https:\/\/oibca.gob.ar\/main\/wp-json\/wp\/v2\/comments?post=992"}],"version-history":[{"count":1,"href":"https:\/\/oibca.gob.ar\/main\/wp-json\/wp\/v2\/posts\/992\/revisions"}],"predecessor-version":[{"id":1006,"href":"https:\/\/oibca.gob.ar\/main\/wp-json\/wp\/v2\/posts\/992\/revisions\/1006"}],"wp:featuredmedia":[{"embeddable":true,"href":"https:\/\/oibca.gob.ar\/main\/wp-json\/wp\/v2\/media\/993"}],"wp:attachment":[{"href":"https:\/\/oibca.gob.ar\/main\/wp-json\/wp\/v2\/media?parent=992"}],"wp:term":[{"taxonomy":"category","embeddable":true,"href":"https:\/\/oibca.gob.ar\/main\/wp-json\/wp\/v2\/categories?post=992"},{"taxonomy":"post_tag","embeddable":true,"href":"https:\/\/oibca.gob.ar\/main\/wp-json\/wp\/v2\/tags?post=992"}],"curies":[{"name":"wp","href":"https:\/\/api.w.org\/{rel}","templated":true}]}}